{"id":35136,"date":"2013-06-03T09:32:42","date_gmt":"2013-06-03T12:32:42","guid":{"rendered":"http:\/\/www.elsindical.com.ar\/notas\/?p=35136"},"modified":"2013-06-03T09:32:42","modified_gmt":"2013-06-03T12:32:42","slug":"la-ninez-en-los-noticieros-2012-el-65-de-las-noticias-sobre-chicos-y-adolescentes-utiliza-solo-una-fuente-de-informacion","status":"publish","type":"post","link":"https:\/\/www.elsindical.com.ar\/notas\/la-ninez-en-los-noticieros-2012-el-65-de-las-noticias-sobre-chicos-y-adolescentes-utiliza-solo-una-fuente-de-informacion\/","title":{"rendered":"\u201cLa ni\u00f1ez en los noticieros 2012\u201d: el 65 % de las noticias sobre chicos y adolescentes utiliza s\u00f3lo una fuente de informaci\u00f3n"},"content":{"rendered":"<p style=\"text-align: justify;\"><em><a href=\"http:\/\/www.elsindical.com.ar\/notas\/var\/www\/html\/notas\/wp-content\/uploads\/2013\/06\/ni\u00f1ez-y-noticias-2012.jpg\"><img loading=\"lazy\" decoding=\"async\" class=\"alignleft size-medium wp-image-35137\" alt=\"ni\u00f1ez-y-noticias-2012\" src=\"http:\/\/www.elsindical.com.ar\/notas\/var\/www\/html\/notas\/wp-content\/uploads\/2013\/06\/ni\u00f1ez-y-noticias-2012-246x300.jpg\" width=\"246\" height=\"300\" srcset=\"https:\/\/www.elsindical.com.ar\/notas\/var\/www\/html\/notas\/wp-content\/uploads\/2013\/06\/ni\u00f1ez-y-noticias-2012-246x300.jpg 246w, https:\/\/www.elsindical.com.ar\/notas\/var\/www\/html\/notas\/wp-content\/uploads\/2013\/06\/ni\u00f1ez-y-noticias-2012.jpg 413w\" sizes=\"auto, (max-width: 246px) 100vw, 246px\" \/><\/a>El <a href=\"http:\/\/oteve.wordpress.com\/observatorio-de-la-television\/\" target=\"_blank\"><strong>Observatorio de Televisi\u00f3n<\/strong> de la <strong>Universidad Austral<\/strong><\/a> y\u00a0el Cap\u00edtulo Infancia de <a href=\"http:\/\/periodismosocial.net\/\" target=\"_blank\"><strong>Periodismo Social<\/strong><\/a>\u00a0presentaron un nuevo monitoreo sobre el comportamiento de los noticieros frente a los derechos de ni\u00f1os, ni\u00f1as y adolescentes argentinos: <strong>\u201cLa ni\u00f1ez en los noticieros 2012\u201d<\/strong>.<\/em><\/p>\n<p style=\"text-align: justify;\">Con el objetivo de colaborar en la construcci\u00f3n de un periodismo de mayor calidad que \u201cponga la lupa\u201d en los 16 millones de chicos que viven y crecen en la Argentina del siglo XXI, \u00a0este trabajo\u00a0<strong>pone en cuesti\u00f3n la complejidad y la rigurosidad con la que se informa en los noticieros sobre diversos temas que los involucran<\/strong>:\u00a0Educaci\u00f3n, Sexismo, Desarrollo Sostenible, Pobreza, Violencia, Consumo, Participaci\u00f3n, Adicciones, Salud, etc\u00e9tera.<\/p>\n<p style=\"text-align: justify;\">A la luz de los <a href=\"http:\/\/oteve.wordpress.com\/investigacionacademica\/\" target=\"_blank\">resultados del primer monitoreo (realizado entre setiembre y noviembre de 2010)<\/a>, en la segunda edici\u00f3n <strong>se analizaron\u00a0842 noticias emitidas en las ediciones centrales de los noticieros de TV abierta argentina<\/strong> (<em>Telenoche<\/em> -Canal 13-, <em>Telef\u00e9 Noticias<\/em> -Telef\u00e9-, <em>Telenueve<\/em> -Canal 9-, <em>Am\u00e9rica Noticias<\/em> -Am\u00e9rica- y <em>Visi\u00f3n Siete<\/em> -Canal 7-),\u00a0durante\u00a0los meses de<strong> abril, mayo y junio de 2012<\/strong>.<\/p>\n<p style=\"text-align: justify;\">El an\u00e1lisis cuantitativo y cualitativo de las noticias no s\u00f3lo\u00a0se focaliz\u00f3 en las tem\u00e1ticas abordadas; tambi\u00e9n profundiz\u00f3 en\u00a0\u00a0la cantidad y calidad de las <strong>fuentes citadas<\/strong>, el grado de <strong>participaci\u00f3n<\/strong> que se dio a los chicos en el relato del hecho, el uso de <strong>estad\u00edsticas<\/strong>, los <strong>t\u00e9rminos<\/strong> empleados para referirse a ni\u00f1os y j\u00f3venes, el <strong>derecho a la intimidad y a la identidad<\/strong> de cada chico, la <strong>calidad t\u00e9cnica<\/strong> de cada noticia y los <strong>valores<\/strong> que promueve, entre otros.<\/p>\n<p style=\"text-align: justify;\">La investigaci\u00f3n cont\u00f3 con el auspicio de la Secretar\u00eda Nacional de Ni\u00f1ez, Adolescencia y Familia del <strong>Ministerio de Desarrollo Social de La Naci\u00f3n<\/strong> (<strong>Sennaf<\/strong>) y el apoyo de <strong>Adecco<\/strong>.<\/p>\n<p style=\"text-align: justify;\"><strong><strong>\u201cLa ni\u00f1ez en los noticieros 2012\u201d.\u00a0<\/strong>Principales conclusiones<\/strong><\/p>\n<p style=\"text-align: justify;\"><strong>Fuentes citadas:<\/strong><\/p>\n<ul style=\"text-align: justify;\">\n<li><strong>El 65 por ciento de las notas utiliza s\u00f3lo una fuente de informaci\u00f3n<\/strong>, claramente a contramano de la pluralidad de voces tan necesaria y recomendada a la hora de informar.<\/li>\n<li><strong>Hay otro 17 por ciento de noticias que se construye con dos fuentes<\/strong>, y de ah\u00ed el n\u00famero empieza a bajar sensiblemente.<\/li>\n<li>Los noticieros <strong><em>Telenoche<\/em> y <em>Visi\u00f3n Siete<\/em> son los que menos fuentes consultan<\/strong>: en el primero, el 71 por ciento de las noticias cuenta con una sola fuente; y en el de la TV P\u00fablica, peor a\u00fan: el 92 por ciento escucha una sola voz.\u00a0<strong><em>Am\u00e9rica Noticias<\/em> y <em>Telenueve<\/em> tambi\u00e9n muestran n\u00fameros preocupantes<\/strong>: el 68 por ciento y el 58 por ciento de las noticias de infancia y adolescencia se construyen con una sola fuente.\u00a0<strong>El mejor ubicado es Telef\u00e9, donde el 36% usa una sola fuente<\/strong>.<\/li>\n<\/ul>\n<p style=\"text-align: justify;\"><strong>Uso de estad\u00edsticas y cita de pol\u00edticas p\u00fablicas<\/strong><\/p>\n<ul style=\"text-align: justify;\">\n<li><strong>El 94 por ciento de las notas no usa estad\u00edsticas<\/strong>, aunque eso no es lo peor: <strong>cuando s\u00ed las citan, en el 54 por ciento de las noticias no se aclara de d\u00f3nde surgen los datos<\/strong>.<\/li>\n<li>Adem\u00e1s, <strong>el 95 por ciento no cita legislaci\u00f3n de ning\u00fan tipo<\/strong> (general o espec\u00edfica de infancia) y el <strong>88 por ciento no cita pol\u00edticas p\u00fablicas<\/strong> referidas a chicos y chicas.<\/li>\n<\/ul>\n<p style=\"text-align: justify;\"><strong>Los chicos y su entorno, las voces m\u00e1s escuchadas<\/strong><\/p>\n<ul style=\"text-align: justify;\">\n<li><strong>La fuente m\u00e1s escuchada son los padres de los ni\u00f1os y adolescentes<\/strong> (Madre, con un 20 por ciento; y Padre, con 9 por ciento). Luego, los ni\u00f1os y adolescentes: 3 por ciento los primeros y 10 \u00a0por ciento los segundos.<\/li>\n<li>Con muy poco espacio, figuran los especialistas en temas de infancia y adolescencia: apenas un 7 por ciento. Y la sociedad civil, menos espacio a\u00fan: 4 por ciento.<\/li>\n<\/ul>\n<p style=\"text-align: justify;\"><strong>Salud, el segundo tema m\u00e1s tratado<\/strong><\/p>\n<ul style=\"text-align: justify;\">\n<li>Las noticias referidas a Salud son el segundo tema m\u00e1s tratado a la hora de hablar de infancia y adolescencia en los noticieros.\u00a0Sumaron el <strong>23 por ciento del total de menciones, casi el doble que la edici\u00f3n anterior de esta investigaci\u00f3n<\/strong>. A su vez, <strong>los temas referidos a Educaci\u00f3n suman apenas el 14 por ciento, casi la mitad de lo que representaban la vez anterior<\/strong>.<\/li>\n<li>La lista de temas se completa con cuestiones referidas al <strong>derecho de los chicos a expresarse y participar<\/strong> (6%), las tem\u00e1ticas de <strong>Medio Ambiente<\/strong> (5%) y<strong> Pobreza<\/strong> (2%).<\/li>\n<li>Por otra parte, entre los temas secundarios de las noticias, Violencia, Salud, Cultura y Pobreza aparecen con mayores menciones.<\/li>\n<\/ul>\n<p>&nbsp;<\/p>\n<p><a href=\"http:\/\/oteve.files.wordpress.com\/2012\/12\/nic3b1ezynoticieros2012.pdf\"><em><strong>Descargar informe completo: <\/strong><\/em><\/a><\/p>\n","protected":false},"excerpt":{"rendered":"<p>El Observatorio de Televisi\u00f3n de la Universidad Austral y\u00a0el Cap\u00edtulo Infancia de Periodismo Social\u00a0presentaron un nuevo monitoreo sobre el comportamiento de los noticieros frente a los derechos de ni\u00f1os, ni\u00f1as y adolescentes argentinos: \u201cLa ni\u00f1ez en los noticieros 2012\u201d. Con el objetivo de colaborar en la construcci\u00f3n de un periodismo de mayor calidad que \u201cponga&hellip;<\/p>\n","protected":false},"author":1,"featured_media":0,"comment_status":"open","ping_status":"open","sticky":false,"template":"","format":"standard","meta":{"footnotes":""},"categories":[17],"tags":[885,1804,1805,99,16294],"class_list":["post-35136","post","type-post","status-publish","format-standard","hentry","category-infantiles","tag-adolescentes","tag-america","tag-canal-13","tag-chicos","tag-telenoche"],"_links":{"self":[{"href":"https:\/\/www.elsindical.com.ar\/notas\/wp-json\/wp\/v2\/posts\/35136","targetHints":{"allow":["GET"]}}],"collection":[{"href":"https:\/\/www.elsindical.com.ar\/notas\/wp-json\/wp\/v2\/posts"}],"about":[{"href":"https:\/\/www.elsindical.com.ar\/notas\/wp-json\/wp\/v2\/types\/post"}],"author":[{"embeddable":true,"href":"https:\/\/www.elsindical.com.ar\/notas\/wp-json\/wp\/v2\/users\/1"}],"replies":[{"embeddable":true,"href":"https:\/\/www.elsindical.com.ar\/notas\/wp-json\/wp\/v2\/comments?post=35136"}],"version-history":[{"count":1,"href":"https:\/\/www.elsindical.com.ar\/notas\/wp-json\/wp\/v2\/posts\/35136\/revisions"}],"predecessor-version":[{"id":35138,"href":"https:\/\/www.elsindical.com.ar\/notas\/wp-json\/wp\/v2\/posts\/35136\/revisions\/35138"}],"wp:attachment":[{"href":"https:\/\/www.elsindical.com.ar\/notas\/wp-json\/wp\/v2\/media?parent=35136"}],"wp:term":[{"taxonomy":"category","embeddable":true,"href":"https:\/\/www.elsindical.com.ar\/notas\/wp-json\/wp\/v2\/categories?post=35136"},{"taxonomy":"post_tag","embeddable":true,"href":"https:\/\/www.elsindical.com.ar\/notas\/wp-json\/wp\/v2\/tags?post=35136"}],"curies":[{"name":"wp","href":"https:\/\/api.w.org\/{rel}","templated":true}]}}