{"id":35058,"date":"2013-05-30T11:10:55","date_gmt":"2013-05-30T14:10:55","guid":{"rendered":"http:\/\/www.elsindical.com.ar\/notas\/?p=35058"},"modified":"2013-05-30T11:10:55","modified_gmt":"2013-05-30T14:10:55","slug":"lanata-deschavo-a-fantino-y-otros-famosos-con-el-juego-clandestino-y-la-prostitucion","status":"publish","type":"post","link":"https:\/\/www.elsindical.com.ar\/notas\/lanata-deschavo-a-fantino-y-otros-famosos-con-el-juego-clandestino-y-la-prostitucion\/","title":{"rendered":"Lanata deschav\u00f3 a Fantino y otros famosos con el juego clandestino y la prostituci\u00f3n"},"content":{"rendered":"<p style=\"text-align: justify;\"><em><a href=\"http:\/\/www.elsindical.com.ar\/notas\/var\/www\/html\/notas\/wp-content\/uploads\/2013\/05\/Jorge-Lanata.jpg\"><img loading=\"lazy\" decoding=\"async\" class=\"alignleft size-medium wp-image-35059\" alt=\"Jorge-Lanata\" src=\"http:\/\/www.elsindical.com.ar\/notas\/var\/www\/html\/notas\/wp-content\/uploads\/2013\/05\/Jorge-Lanata-300x175.jpg\" width=\"328\" height=\"222\" \/><\/a>El medi\u00e1tico periodista dijo que el conductor concurre a un local nocturno de juego clandestino y chicas de la noche. Tambi\u00e9n la lig\u00f3 <b>Mat\u00edas Al\u00e9<\/b>.<\/em><\/p>\n<p style=\"text-align: justify;\">En su escalada de denuncias medi\u00e1ticas,<b> Jorge Lanata<\/b> ahora se las agarr\u00f3 con <b>Alejandro Fantino <\/b>y<b> Mat\u00edas Al\u00e9<\/b>. Lo cierto es que el animador de <i>Periodismo para todos<\/i> acus\u00f3 al conductor de <i>Animales sueltos<\/i> y su panelista de ser asiduos clientes de un \u201cputiclub\u201d, ubicado en Lavalle al 3000.<\/p>\n<p style=\"text-align: justify;\">En su programa de Radio Mitre,<i> Lanata Sin Filtro<\/i> el periodista pol\u00edtico inform\u00f3 que ayer al mediod\u00eda se hab\u00eda allanado un famoso \u201cputiclub\u201d de la Capital Federal, al cual asisten asiduamente reconocidos personajes de la far\u00e1ndula como <b>Mat\u00edas Al\u00e9<\/b>, <b>Rodrigo<i> <\/i><i>Hiena <\/i>Barrios<\/b> y <b>Alejandro Fantino<\/b>.<\/p>\n<p style=\"text-align: justify;\">Asimismo, el conductor de <i>PPT <\/i>vaticin\u00f3 que dicho allanamiento seguramente ser\u00e1 \u201c<i>un esc\u00e1ndalo porque va mucha gente conocida ah\u00ed, como Mat\u00edas Al\u00e9 o Fantino\u201d.<\/i><\/p>\n<p style=\"text-align: justify;\">Mientras tanto, la panelista del ciclo <b>Mercedes Ninci<\/b> complement\u00f3 la informaci\u00f3n de Lanata y se\u00f1al\u00f3 que el \u201cputiclub\u201d en realidad <i>\u201ces un sal\u00f3n de juego clandestino\u201d <\/i>al cual <i>\u201cse acercan las chicas\u201d<\/i> por la gran cantidad de dinero que llevan los asistentes al mismo.<\/p>\n<p style=\"text-align: justify;\">Asimismo continu\u00f3 con la lista de personalidades que asistir\u00edan al mencionado local, entre los cuales nombr\u00f3 al fallecido <b>Adri\u00e1n <i>Facha <\/i>Martel<\/b>, <b>Carlos Sa\u00fal Menem<\/b>, <b>Gerardo Sofovich <\/b>y la<b> <i>Hiena <\/i>Barrios<\/b>.<\/p>\n","protected":false},"excerpt":{"rendered":"<p>El medi\u00e1tico periodista dijo que el conductor concurre a un local nocturno de juego clandestino y chicas de la noche. Tambi\u00e9n la lig\u00f3 Mat\u00edas Al\u00e9. En su escalada de denuncias medi\u00e1ticas, Jorge Lanata ahora se las agarr\u00f3 con Alejandro Fantino y Mat\u00edas Al\u00e9. Lo cierto es que el animador de Periodismo para todos acus\u00f3 al&hellip;<\/p>\n","protected":false},"author":1,"featured_media":0,"comment_status":"open","ping_status":"open","sticky":false,"template":"","format":"standard","meta":{"footnotes":""},"categories":[15],"tags":[16263,15843,16264,8331,16265,16266,11062],"class_list":["post-35058","post","type-post","status-publish","format-standard","hentry","category-espectaculos","tag-alejandro-fantino","tag-jorge-lanata","tag-juego-clandestino","tag-matias-ale","tag-ppt","tag-puticlub","tag-rodrigo-la-hiena-barrios"],"_links":{"self":[{"href":"https:\/\/www.elsindical.com.ar\/notas\/wp-json\/wp\/v2\/posts\/35058","targetHints":{"allow":["GET"]}}],"collection":[{"href":"https:\/\/www.elsindical.com.ar\/notas\/wp-json\/wp\/v2\/posts"}],"about":[{"href":"https:\/\/www.elsindical.com.ar\/notas\/wp-json\/wp\/v2\/types\/post"}],"author":[{"embeddable":true,"href":"https:\/\/www.elsindical.com.ar\/notas\/wp-json\/wp\/v2\/users\/1"}],"replies":[{"embeddable":true,"href":"https:\/\/www.elsindical.com.ar\/notas\/wp-json\/wp\/v2\/comments?post=35058"}],"version-history":[{"count":1,"href":"https:\/\/www.elsindical.com.ar\/notas\/wp-json\/wp\/v2\/posts\/35058\/revisions"}],"predecessor-version":[{"id":35060,"href":"https:\/\/www.elsindical.com.ar\/notas\/wp-json\/wp\/v2\/posts\/35058\/revisions\/35060"}],"wp:attachment":[{"href":"https:\/\/www.elsindical.com.ar\/notas\/wp-json\/wp\/v2\/media?parent=35058"}],"wp:term":[{"taxonomy":"category","embeddable":true,"href":"https:\/\/www.elsindical.com.ar\/notas\/wp-json\/wp\/v2\/categories?post=35058"},{"taxonomy":"post_tag","embeddable":true,"href":"https:\/\/www.elsindical.com.ar\/notas\/wp-json\/wp\/v2\/tags?post=35058"}],"curies":[{"name":"wp","href":"https:\/\/api.w.org\/{rel}","templated":true}]}}