{"id":35015,"date":"2013-05-28T12:25:16","date_gmt":"2013-05-28T15:25:16","guid":{"rendered":"http:\/\/www.elsindical.com.ar\/notas\/?p=35015"},"modified":"2013-05-28T12:25:16","modified_gmt":"2013-05-28T15:25:16","slug":"mar-del-platadenuncian-corrupcion-judicial-en-un-caso-de-lesa-humanidad","status":"publish","type":"post","link":"https:\/\/www.elsindical.com.ar\/notas\/mar-del-platadenuncian-corrupcion-judicial-en-un-caso-de-lesa-humanidad\/","title":{"rendered":"Mar del Plata:Denuncian corrupci\u00f3n judicial en un caso de lesa humanidad"},"content":{"rendered":"<div style=\"text-align: justify;\">\n<p><em><a href=\"http:\/\/www.elsindical.com.ar\/notas\/var\/www\/html\/notas\/wp-content\/uploads\/2013\/05\/denuncias-corrupci\u00f3n-judicial-MDP.jpg\"><img loading=\"lazy\" decoding=\"async\" class=\"alignleft size-medium wp-image-35016\" alt=\"denuncias-corrupci\u00f3n-judicial-MDP\" src=\"http:\/\/www.elsindical.com.ar\/notas\/var\/www\/html\/notas\/wp-content\/uploads\/2013\/05\/denuncias-corrupci\u00f3n-judicial-MDP-300x116.jpg\" width=\"401\" height=\"203\" \/><\/a>La familia del ex juez <strong>Hooft<\/strong> denunci\u00f3 a fiscales y a un juez por el armado de la causa. El hijo del ex magistrado grab\u00f3 al fiscal del caso y all\u00ed admite presiones.<\/em><\/p>\n<p>El juez suspendido de Mar del Plata <strong>Pedro Hooft<\/strong> est\u00e1 citado a indagatoria para el pr\u00f3ximo 4 de junio. Se lo acusa de cometer delitos de lesa humanidad durante la \u00faltima dictadura y deber\u00e1 prestar declaraci\u00f3n indagatoria ante el Juzgado Federal N\u00ba 1 de Mar del Plata.<\/p>\n<p>El fiscal general <strong>Jorge Auat<\/strong> present\u00f3 en diciembre \u00faltimo un escrito ante el juez federal Mart\u00edn Bava para que ordene la <strong>\u00abinmediata\u00bb indagatoria<\/strong> del imputado. La causa se inici\u00f3 en marzo de 2006, con una denuncia impulsada por la Secretar\u00eda de Derechos Humanos de la Naci\u00f3n a Hooft, por su participaci\u00f3n en el secuestro de los abogados ca\u00eddos durante la llamada Noche de las Corbatas.<\/p>\n<p>La secretar\u00eda entendi\u00f3 que Hooft \u00abcontribuy\u00f3 intencionalmente con el terrorismo de Estado, permitiendo que se pudiesen cometer delitos de lesa humanidad\u00bb y exigi\u00f3 su indagatoria, procesamiento y detenci\u00f3n como presunto responsable por acci\u00f3n u omisi\u00f3n de los delitos de \u00abtormentos seguidos de muerte, tormentos cometidos en forma reiterada, violaci\u00f3n reiterada\u00bb y como autor \u00abdel delito de abuso de autoridad, violaci\u00f3n de los deberes de funcionario p\u00fablico, denegaci\u00f3n de justicia y supresi\u00f3n de objetos destinados a servir como prueba\u00bb. Luego se sumaron a la denuncia la Secretar\u00eda de Derechos Humanos bonaerense y la Comisi\u00f3n Provincial por la Memoria.<\/p>\n<p>A Hooft lo defienden su hijo <strong>Pedro Federico y H\u00e9ctor Granillo Fern\u00e1ndez.<\/strong> Su familia sostiene que la acusaci\u00f3n fue armada con intencionalidad pol\u00edtica desde la Procuraci\u00f3n general de la Naci\u00f3n. Lo sostienen mediante una denuncia penal que realizaron porque consideran que se hallan frente a un caso de \u00abcorrupci\u00f3n judicial\u00bb.<\/p>\n<p>Se\u00f1alan que el abogado Cesar Sivo junto con el fiscal general de Mar del Plata Daniel Adler, y los fiscales Claudio Kishimoto, Pablo Larriera y Eugenia Montero y el juez Bava, suman a su acusaci\u00f3n la influencia pol\u00edtica ejercida desde Buenos Aires por la Procurador General de la Naci\u00f3n Alejandra Gils Carb\u00f3 y los fiscales Jorge Auat y Pablo Parenti de la coordinaci\u00f3n de juicios por delitos de lesa humanidad. A Auat, hombre de confianza de Gils Carb\u00f3, lo calific\u00f3 de \u00abkamikaze\u00bb y se\u00f1al\u00f3 que le hizo firmar un requerimiento fiscal sin que supiera su contenido. Incluso en la grabaci\u00f3n se hace referencia a declaraciones del ex fiscal del juicio a las Juntas, <strong>Julio Strassera<\/strong>, quien respald\u00f3 lo actuado por Hooft.<\/p>\n<p>El hijo del juez conoce al fiscal Kishimoto desde 1993 y en virtud de esa confianza habl\u00f3 con \u00e9l y lo grab\u00f3. En la grabaci\u00f3n aportada como prueba por los Hooft, Kishimoto admite que <strong>\u00able quieren cortar la cabeza. Lo quieren colgar a tu viejo, no s\u00e9 por qu\u00e9 tanto encarnizamiento\u00bb.<\/strong><\/p>\n<p>Mientras explica las presiones ejercidas para que impulse la causa contra Hooft, Kishimoto reconoce que \u00abAuat es un kamikaze\u00bb y califica a la causa como \u00abuna mierda (sic)\u00bb.<\/p>\n<p>En la grabaci\u00f3n aportada a la causa y a la que accedi\u00f3 <strong>Infobae<\/strong>, Kishimoto retrata la interna judicial marplatense y explica las presiones que tuvo para impulsar el caso de Hooft. \u00abMe rompieron tanto las pelotas (sic) que me desplazaron del concurso ac\u00e1\u00bb, sostuvo en ese sentido.<\/p>\n<p>\u00abA m\u00ed me van a cortar la cabeza, yo me corro, van a poner a otro y va a ser peor\u00bb, afirm\u00f3 Kishimoto en otra parte registrada en las grabaciones que se adjuntan.<\/p>\n<p>Para los denunciantes, se arm\u00f3 una causa judicial para acusar a Hooft. Y se\u00f1alan que se cometieron graves delitos. Ser\u00e1 la justicia la que decida si eso tiene asidero.<\/p>\n<p>&nbsp;<\/p>\n<\/div>\n","protected":false},"excerpt":{"rendered":"<p>La familia del ex juez Hooft denunci\u00f3 a fiscales y a un juez por el armado de la causa. El hijo del ex magistrado grab\u00f3 al fiscal del caso y all\u00ed admite presiones. El juez suspendido de Mar del Plata Pedro Hooft est\u00e1 citado a indagatoria para el pr\u00f3ximo 4 de junio. Se lo acusa&hellip;<\/p>\n","protected":false},"author":1,"featured_media":0,"comment_status":"open","ping_status":"open","sticky":false,"template":"","format":"standard","meta":{"footnotes":""},"categories":[6],"tags":[15463,16248,16246,16247],"class_list":["post-35015","post","type-post","status-publish","format-standard","hentry","category-denuncias","tag-fiscal-general-jorge-auat","tag-juez-federal-martin-bava","tag-juez-pedro-hooft","tag-noche-de-las-corbatas"],"_links":{"self":[{"href":"https:\/\/www.elsindical.com.ar\/notas\/wp-json\/wp\/v2\/posts\/35015","targetHints":{"allow":["GET"]}}],"collection":[{"href":"https:\/\/www.elsindical.com.ar\/notas\/wp-json\/wp\/v2\/posts"}],"about":[{"href":"https:\/\/www.elsindical.com.ar\/notas\/wp-json\/wp\/v2\/types\/post"}],"author":[{"embeddable":true,"href":"https:\/\/www.elsindical.com.ar\/notas\/wp-json\/wp\/v2\/users\/1"}],"replies":[{"embeddable":true,"href":"https:\/\/www.elsindical.com.ar\/notas\/wp-json\/wp\/v2\/comments?post=35015"}],"version-history":[{"count":2,"href":"https:\/\/www.elsindical.com.ar\/notas\/wp-json\/wp\/v2\/posts\/35015\/revisions"}],"predecessor-version":[{"id":35018,"href":"https:\/\/www.elsindical.com.ar\/notas\/wp-json\/wp\/v2\/posts\/35015\/revisions\/35018"}],"wp:attachment":[{"href":"https:\/\/www.elsindical.com.ar\/notas\/wp-json\/wp\/v2\/media?parent=35015"}],"wp:term":[{"taxonomy":"category","embeddable":true,"href":"https:\/\/www.elsindical.com.ar\/notas\/wp-json\/wp\/v2\/categories?post=35015"},{"taxonomy":"post_tag","embeddable":true,"href":"https:\/\/www.elsindical.com.ar\/notas\/wp-json\/wp\/v2\/tags?post=35015"}],"curies":[{"name":"wp","href":"https:\/\/api.w.org\/{rel}","templated":true}]}}