{"id":35012,"date":"2013-05-28T01:56:54","date_gmt":"2013-05-28T04:56:54","guid":{"rendered":"http:\/\/www.elsindical.com.ar\/notas\/?p=35012"},"modified":"2013-05-28T01:56:54","modified_gmt":"2013-05-28T04:56:54","slug":"efemeridesdel-dia-28-de-mayo-3","status":"publish","type":"post","link":"https:\/\/www.elsindical.com.ar\/notas\/efemeridesdel-dia-28-de-mayo-3\/","title":{"rendered":"EFEM\u00c9RIDES:DEL D\u00cdA 28 DE MAYO"},"content":{"rendered":"<p style=\"text-align: justify;\"><a href=\"http:\/\/www.elsindical.com.ar\/notas\/var\/www\/html\/notas\/wp-content\/uploads\/2013\/05\/Luis-C\u00e9sar-Amadori.jpg\"><img loading=\"lazy\" decoding=\"async\" class=\"alignleft size-medium wp-image-35013\" alt=\"Luis-C\u00e9sar-Amadori\" src=\"http:\/\/www.elsindical.com.ar\/notas\/var\/www\/html\/notas\/wp-content\/uploads\/2013\/05\/Luis-C\u00e9sar-Amadori-300x228.jpg\" width=\"300\" height=\"228\" srcset=\"https:\/\/www.elsindical.com.ar\/notas\/var\/www\/html\/notas\/wp-content\/uploads\/2013\/05\/Luis-C\u00e9sar-Amadori-300x228.jpg 300w, https:\/\/www.elsindical.com.ar\/notas\/var\/www\/html\/notas\/wp-content\/uploads\/2013\/05\/Luis-C\u00e9sar-Amadori-393x300.jpg 393w, https:\/\/www.elsindical.com.ar\/notas\/var\/www\/html\/notas\/wp-content\/uploads\/2013\/05\/Luis-C\u00e9sar-Amadori.jpg 443w\" sizes=\"auto, (max-width: 300px) 100vw, 300px\" \/><\/a>En un 28 de mayo, pero de 1880, hace 131 a\u00f1os, durante la Guerra del Pac\u00edfico, las tropas de Per\u00fa y Bolivia libran contra Chile la Batalla de la Alianza, o de Tacna, en la que los chilenos resultaron triunfadores.<\/p>\n<p style=\"text-align: justify;\">1376- Pedro IV \u00abel ceremonioso\u00bb autoriza la construcci\u00f3n de la torre de la catedral de Valencia, el famoso y popular \u00abMiguelete\u00bb.<\/p>\n<p style=\"text-align: justify;\">1486- Conquista de Loja (Granada) a los \u00e1rabes por Fernando el Cat\u00f3lico, acci\u00f3n en la que se distingui\u00f3 Gonzalo Fern\u00e1ndez de C\u00f3rdoba, el \u00abGran Capit\u00e1n\u00bb.<\/p>\n<p style=\"text-align: justify;\">1518- El marino y conquistador Juan de Grijalva descubre Tabasco, el pueblo donde naci\u00f3 la c\u00e9lebre india Malintz\u00edn que ayud\u00f3 a Cort\u00e9s durante la conquista de M\u00e9xico.<\/p>\n<p style=\"text-align: justify;\">1741- Pacto de Nymphenburg entre Felipe V de Espa\u00f1a y el pr\u00edncipe electo de Baviera, Carlos, a fin de asegurar para la corona imperial de Alemania una parte de Austria y a Espa\u00f1a sus posesiones en Italia.<\/p>\n<p style=\"text-align: justify;\">1783- Inauguraci\u00f3n del teatro de la Opera C\u00f3mica de Par\u00eds.<\/p>\n<p style=\"text-align: justify;\">1813- Guerra de la Independencia: las tropas francesas salen de Madrid llev\u00e1ndose cuantas riquezas y obras de arte pueden.<\/p>\n<p style=\"text-align: justify;\">1856- Inauguraci\u00f3n de la l\u00ednea telegr\u00e1fica entre Caracas y La Guaira, la primera que funcion\u00f3 en Venezuela.<\/p>\n<p style=\"text-align: justify;\">1870- El ministro de Ultramar espa\u00f1ol, Segismundo Moret, presenta una ley de abolici\u00f3n gradual de la esclavitud.<\/p>\n<p style=\"text-align: justify;\">1887- Ley por la que se crea en Montevideo un Banco Nacional de emisi\u00f3n y descuento.<\/p>\n<p style=\"text-align: justify;\">1893- Fallece Felipe Villanueva, compositor mexicano.<\/p>\n<p style=\"text-align: justify;\">1902- Nace Luis C\u00e9sar Amadori, director argentino de cine.<\/p>\n<p style=\"text-align: justify;\">1910- Se funda en Buenos Aires la Academia Argentina de la Lengua.<\/p>\n<p style=\"text-align: justify;\">1914- Acuerdo entre M\u00e9xico y EEUU, por el que dimite el presidente mexicano, Victoriano Huerta; se organizan elecciones libres y los estadounidenses se retiran de Veracruz.<\/p>\n<p style=\"text-align: justify;\">1917- El Parlamento brit\u00e1nico aprueba el proyecto de ley de sufragio femenino, que concede el voto a las mujeres en el Reino Unido, aunque limitado a las mayores de 30 a\u00f1os que sean cabeza de familia.<\/p>\n<p style=\"text-align: justify;\">1919- El teniente aviador argentino Benjam\u00edn Matienzo muere en su intento de cruzar la cordillera de los Andes.<\/p>\n<p style=\"text-align: justify;\">1925- Fallece Francisco A. de Icaza, escritor mexicano.<\/p>\n<p style=\"text-align: justify;\">1926- Golpe militar del general Gomes da Costa en Portugal.<\/p>\n<p style=\"text-align: justify;\">1933- Confiscaci\u00f3n de los bienes del Partido Comunista de Alemania.<\/p>\n<p style=\"text-align: justify;\">1936- Estalla en Nicaragua una rebeli\u00f3n militar dirigida por Anastasio Somoza, que triunfa cinco d\u00edas despu\u00e9s y pone a dicho general en el poder.<\/p>\n<p style=\"text-align: justify;\">1940- Segunda Guerra Mundial: Los ingleses conquistan Narvik (Noruega) a los alemanes.<\/p>\n<p style=\"text-align: justify;\">1944- Un golpe militar derroca en Ecuador al presidente Carlos Alberto Arroyo del R\u00edo y sube al poder nuevamente el ex presidente Jos\u00e9 Mar\u00eda Velasco Ibarra.<\/p>\n<p style=\"text-align: justify;\">1948- La Legi\u00f3n \u00c1rabe de Jordania logra la rendici\u00f3n del sector viejo de Jerusal\u00e9n en la guerra \u00e1rabe-israel\u00ed.<\/p>\n<p style=\"text-align: justify;\">1952- Las mujeres griegas obtienen el derecho al voto.<\/p>\n<p style=\"text-align: justify;\">1960- Nace Pastora Vega, actriz espa\u00f1ola.<\/p>\n<p style=\"text-align: justify;\">1967- Francis Chichester llega en su nave a Plymouth (Gran Breta\u00f1a) tras dar la vuelta al mundo en solitario.<\/p>\n<p style=\"text-align: justify;\">1973- El presidente boliviano, Hugo Banzer, asume el mando del Ej\u00e9rcito.<\/p>\n<p style=\"text-align: justify;\">1978- Legalizado el aborto en Italia.<\/p>\n<p style=\"text-align: justify;\">1979- Grecia firma su adhesi\u00f3n a la Comunidad Europea, que se har\u00e1 efectiva en 1981.<\/p>\n<p style=\"text-align: justify;\">1981- Amnist\u00eda Internacional informa de que 9.000 personas han desaparecido en Argentina desde 1976.<\/p>\n<p style=\"text-align: justify;\">1989- Pierde la vida el piloto venezolano Iv\u00e1n Palazzese (Aprilia) durante el GP de Alemania, en Hockenheim.<\/p>\n<p style=\"text-align: justify;\">1990- El poeta asturiano Carlos Bouso\u00f1o es galardonado con el premio nacional de Poes\u00eda por su \u00abMet\u00e1fora del desacuerdo\u00bb.<\/p>\n<p style=\"text-align: justify;\">1998- Pakist\u00e1n realiza cinco ensayos nucleares en el desierto de Beluchist\u00e1n como respuesta a los efectuadas por Nueva Delhi. La acci\u00f3n motiva alarma mundial y EEUU anuncia sanciones econ\u00f3micas.<\/p>\n<p style=\"text-align: justify;\">2001- La Corte de Apelaciones de Santiago de Chile ordena la ficha policial inmediata del ex dictador Augusto Pinochet.<\/p>\n<p style=\"text-align: justify;\">&#8211; Chile deroga la pena de muerte.<\/p>\n<p style=\"text-align: justify;\">2002- Se firma la \u00abDeclaraci\u00f3n de Roma\u00bb entre la Alianza Atl\u00e1ntica y la Federaci\u00f3n Rusa, que borra del mapa de Europa los \u00faltimos vestigios de la \u00abguerra fr\u00eda\u00bb.<\/p>\n<p style=\"text-align: justify;\">2003- El presidente de Per\u00fa, Alejandro Toledo, decreta el Estado de emergencia durante treinta d\u00edas para hacer frente a las protestas sindicales.<\/p>\n<p style=\"text-align: justify;\">2004- EEUU y los pa\u00edses de Centroam\u00e9rica (Guatemala, Honduras, Nicaragua, El Salvador y Costa Rica) firman en la OEA un \u00abhist\u00f3rico\u00bb Tratado de Libre Comercio (TLC).<\/p>\n<p style=\"text-align: justify;\">2005- Enrique Iglesias es elegido secretario general Iberoamericano, nuevo cargo que tendr\u00e1 sede en Madrid y que le permitir\u00e1 velar por el cumplimiento de las decisiones de las Cumbres Iberoamericanas.<\/p>\n<p style=\"text-align: justify;\">2006- El presidente colombiano, \u00c1lvaro Uribe, es reelegido en la primera vuelta de las elecciones presidenciales.<\/p>\n","protected":false},"excerpt":{"rendered":"<p>En un 28 de mayo, pero de 1880, hace 131 a\u00f1os, durante la Guerra del Pac\u00edfico, las tropas de Per\u00fa y Bolivia libran contra Chile la Batalla de la Alianza, o de Tacna, en la que los chilenos resultaron triunfadores. 1376- Pedro IV \u00abel ceremonioso\u00bb autoriza la construcci\u00f3n de la torre de la catedral de&hellip;<\/p>\n","protected":false},"author":1,"featured_media":0,"comment_status":"open","ping_status":"open","sticky":false,"template":"","format":"standard","meta":{"footnotes":""},"categories":[14],"tags":[],"class_list":["post-35012","post","type-post","status-publish","format-standard","hentry","category-efemerides"],"_links":{"self":[{"href":"https:\/\/www.elsindical.com.ar\/notas\/wp-json\/wp\/v2\/posts\/35012","targetHints":{"allow":["GET"]}}],"collection":[{"href":"https:\/\/www.elsindical.com.ar\/notas\/wp-json\/wp\/v2\/posts"}],"about":[{"href":"https:\/\/www.elsindical.com.ar\/notas\/wp-json\/wp\/v2\/types\/post"}],"author":[{"embeddable":true,"href":"https:\/\/www.elsindical.com.ar\/notas\/wp-json\/wp\/v2\/users\/1"}],"replies":[{"embeddable":true,"href":"https:\/\/www.elsindical.com.ar\/notas\/wp-json\/wp\/v2\/comments?post=35012"}],"version-history":[{"count":1,"href":"https:\/\/www.elsindical.com.ar\/notas\/wp-json\/wp\/v2\/posts\/35012\/revisions"}],"predecessor-version":[{"id":35014,"href":"https:\/\/www.elsindical.com.ar\/notas\/wp-json\/wp\/v2\/posts\/35012\/revisions\/35014"}],"wp:attachment":[{"href":"https:\/\/www.elsindical.com.ar\/notas\/wp-json\/wp\/v2\/media?parent=35012"}],"wp:term":[{"taxonomy":"category","embeddable":true,"href":"https:\/\/www.elsindical.com.ar\/notas\/wp-json\/wp\/v2\/categories?post=35012"},{"taxonomy":"post_tag","embeddable":true,"href":"https:\/\/www.elsindical.com.ar\/notas\/wp-json\/wp\/v2\/tags?post=35012"}],"curies":[{"name":"wp","href":"https:\/\/api.w.org\/{rel}","templated":true}]}}