{"id":35006,"date":"2013-05-27T10:33:27","date_gmt":"2013-05-27T13:33:27","guid":{"rendered":"http:\/\/www.elsindical.com.ar\/notas\/?p=35006"},"modified":"2013-05-27T10:33:27","modified_gmt":"2013-05-27T13:33:27","slug":"investigan-al-ex-presidente-de-enarsa-por-el-pago-de-sobreprecios","status":"publish","type":"post","link":"https:\/\/www.elsindical.com.ar\/notas\/investigan-al-ex-presidente-de-enarsa-por-el-pago-de-sobreprecios\/","title":{"rendered":"Investigan al ex presidente de Enarsa por el pago de sobreprecios"},"content":{"rendered":"<p style=\"text-align: justify;\"><em><a href=\"http:\/\/www.elsindical.com.ar\/notas\/var\/www\/html\/notas\/wp-content\/uploads\/2013\/05\/Exequiel-Espinosa.jpg\"><img loading=\"lazy\" decoding=\"async\" class=\"alignleft size-medium wp-image-34686\" alt=\"Exequiel-Espinosa\" src=\"http:\/\/www.elsindical.com.ar\/notas\/var\/www\/html\/notas\/wp-content\/uploads\/2013\/05\/Exequiel-Espinosa-300x224.jpg\" width=\"346\" height=\"259\" srcset=\"https:\/\/www.elsindical.com.ar\/notas\/var\/www\/html\/notas\/wp-content\/uploads\/2013\/05\/Exequiel-Espinosa-300x224.jpg 300w, https:\/\/www.elsindical.com.ar\/notas\/var\/www\/html\/notas\/wp-content\/uploads\/2013\/05\/Exequiel-Espinosa-400x300.jpg 400w, https:\/\/www.elsindical.com.ar\/notas\/var\/www\/html\/notas\/wp-content\/uploads\/2013\/05\/Exequiel-Espinosa.jpg 502w\" sizes=\"auto, (max-width: 346px) 100vw, 346px\" \/><\/a>El Fiscal <strong>Guillermo Mariju\u00e1n<\/strong> imput\u00f3 a <strong>Exequiel Espinosa<\/strong>\u00a0por irregularidades en la contrataci\u00f3n de los fletes y en los seguros para traer gasoil en barco. El caso fue denunciado por el diputado radical Manuel Garrido. El juez Sebasti\u00e1n Casanello ya orden\u00f3 medidas.<\/em><\/p>\n<p style=\"text-align: justify;\">El 11 de mayo pasado se conoci\u00f3 la renuncia indeclinable de <strong>Exequiel Espinosa<\/strong> al cargo de presidente de la empresa Energ\u00eda Argentina S.A (Enarsa). Para ese entonces Espinosa llevaba varios d\u00edas como imputado en una causa judicial en la que se investiga si se pagaron <strong>sobreprecios por unos 24 millones de d\u00f3lares<\/strong> para solventar fletes y seguros del transporte en barco para el gasoil que importa la Argentina.<\/p>\n<p style=\"text-align: justify;\">Espinosa, hombre de absoluta confianza del ministro de Planificaci\u00f3n <strong>Julio De Vido<\/strong>, fue desplazado en medio de una disputa con el viceministro de Econom\u00eda <strong>Axel Kicillof<\/strong>.<\/p>\n<p style=\"text-align: justify;\">Seg\u00fan reza su <a href=\"http:\/\/www.enarsa.com.ar\/index.php\/es\/queesenarsa\">p\u00e1gina web<\/a>, Enarsa tiene como\u00a0 objeto \u00abla exploraci\u00f3n y explotaci\u00f3n de hidrocarburos s\u00f3lidos, l\u00edquidos y gaseosos, transporte, almacenaje, distribuci\u00f3n, comercializaci\u00f3n e industrializaci\u00f3n de estos productos y sus derivados, as\u00ed como de la prestaci\u00f3n del servicio p\u00fablico de transporte y distribuci\u00f3n de gas natural, a cuyo efecto podr\u00e1 elaborarlos, procesarlos, refinarlos, comprarlos. Asimismo, podr\u00e1 <strong>generar, transportar, distribuir y comercializar energ\u00eda el\u00e9ctrica y realizar actividades de comercio vinculadas con bienes energ\u00e9ticos<\/strong>. Estas actividades se podr\u00e1n llevar a cabo por s\u00ed, por intermedio de terceros o asociada a terceros tanto en el pa\u00eds o bien en pa\u00edses extranjeros\u00bb.<\/p>\n<p style=\"text-align: justify;\">El diputado de la UCR, ex fiscal de Investigaciones Administrativas, Manuel Garrido denunci\u00f3: \u00abEn el marco del Programa Energ\u00eda Total, Enarsa, en funci\u00f3n de las atribuciones que ten\u00eda por ser la unidad de gesti\u00f3n t\u00e9cnica operativa de dicho programa, realiz\u00f3 varias compras de gasoil a fin de satisfacer la demanda interna para cumplir con el Plan de Abastecimiento de la Demanda. En la auditor\u00eda desarrollada por la Auditor\u00eda General de la Naci\u00f3n (AGN) -referida al periodo comprendido entre el 1\u00b0 de enero de 2008 y el 30 de abril de 2010- se ha detectado que <strong>Enarsa abon\u00f3 precios superiores a los de mercado en concepto de fletes y seguros por el transporte de gasoil<\/strong>. Durante ese periodo, el ingeniero Espinosa era presidente de Enarsa\u2026\u00bb<\/p>\n<p style=\"text-align: justify;\">La denuncia cay\u00f3 en el juzgado de Sebasti\u00e1n Casanello y el fiscal Guillermo Mariju\u00e1n imput\u00f3 a Espinosa el 29 de abril pasado. Seg\u00fan fuentes judiciales, Casanello ya realiz\u00f3 las primeras medidas de prueba luego del impulso que hizo Mariju\u00e1n. El fiscal pidi\u00f3 que la Direcci\u00f3n General de Aduanas env\u00ede al juzgado toda la informaci\u00f3n relacionada con las importaciones de gasoil realizadas por Enarsa en el per\u00edodo analizado por la AGN.<\/p>\n<p style=\"text-align: justify;\">Tambi\u00e9n solicit\u00f3 que la Auditor\u00eda remita el estudio realizado y tambi\u00e9n los papeles de trabajo en el que se determin\u00f3 que seg\u00fan la denuncia \u00ab<strong>los valores pagados en exceso son sumamente altos<\/strong>, llegando casi a un <strong>200% en el a\u00f1o 2009<\/strong>, al <strong>70% en el a\u00f1o 2008<\/strong> y al <strong>100% en el a\u00f1o 2010<\/strong>. Cuantificados en d\u00f3lares, dichos porcentajes equivalen a <strong>U$S 20.692.269,21 en 2008, U$S 1.492.830,99 en 2009 y 1.772.282,76 en 2010<\/strong>. Por lo tanto, se tratar\u00eda de un pago de sobreprecios de <strong>casi 24 millones de d\u00f3lares\u00bb<\/strong>. La causa judicial sobre Espinosa avanza. Aunque el ingeniero en petr\u00f3leo y minas, cercano al arquitecto De Vido, ya no est\u00e1 en su cargo.<\/p>\n","protected":false},"excerpt":{"rendered":"<p>El Fiscal Guillermo Mariju\u00e1n imput\u00f3 a Exequiel Espinosa\u00a0por irregularidades en la contrataci\u00f3n de los fletes y en los seguros para traer gasoil en barco. El caso fue denunciado por el diputado radical Manuel Garrido. El juez Sebasti\u00e1n Casanello ya orden\u00f3 medidas. El 11 de mayo pasado se conoci\u00f3 la renuncia indeclinable de Exequiel Espinosa al&hellip;<\/p>\n","protected":false},"author":1,"featured_media":0,"comment_status":"open","ping_status":"open","sticky":false,"template":"","format":"standard","meta":{"footnotes":""},"categories":[20],"tags":[13798,15618,16102,7749,16243,131],"class_list":["post-35006","post","type-post","status-publish","format-standard","hentry","category-judiciales","tag-axel-kicillof","tag-enarsa","tag-exequiel-espinosa","tag-fiscal-guillermo-marijuan","tag-juez-sebastian-casanello","tag-julio-de-vido"],"_links":{"self":[{"href":"https:\/\/www.elsindical.com.ar\/notas\/wp-json\/wp\/v2\/posts\/35006","targetHints":{"allow":["GET"]}}],"collection":[{"href":"https:\/\/www.elsindical.com.ar\/notas\/wp-json\/wp\/v2\/posts"}],"about":[{"href":"https:\/\/www.elsindical.com.ar\/notas\/wp-json\/wp\/v2\/types\/post"}],"author":[{"embeddable":true,"href":"https:\/\/www.elsindical.com.ar\/notas\/wp-json\/wp\/v2\/users\/1"}],"replies":[{"embeddable":true,"href":"https:\/\/www.elsindical.com.ar\/notas\/wp-json\/wp\/v2\/comments?post=35006"}],"version-history":[{"count":2,"href":"https:\/\/www.elsindical.com.ar\/notas\/wp-json\/wp\/v2\/posts\/35006\/revisions"}],"predecessor-version":[{"id":35008,"href":"https:\/\/www.elsindical.com.ar\/notas\/wp-json\/wp\/v2\/posts\/35006\/revisions\/35008"}],"wp:attachment":[{"href":"https:\/\/www.elsindical.com.ar\/notas\/wp-json\/wp\/v2\/media?parent=35006"}],"wp:term":[{"taxonomy":"category","embeddable":true,"href":"https:\/\/www.elsindical.com.ar\/notas\/wp-json\/wp\/v2\/categories?post=35006"},{"taxonomy":"post_tag","embeddable":true,"href":"https:\/\/www.elsindical.com.ar\/notas\/wp-json\/wp\/v2\/tags?post=35006"}],"curies":[{"name":"wp","href":"https:\/\/api.w.org\/{rel}","templated":true}]}}