{"id":34988,"date":"2013-05-26T14:47:11","date_gmt":"2013-05-26T17:47:11","guid":{"rendered":"http:\/\/www.elsindical.com.ar\/notas\/?p=34988"},"modified":"2013-05-26T14:47:11","modified_gmt":"2013-05-26T17:47:11","slug":"la-matanzaagoniza-el-policia-herido-en-violento-robo-a-pizzeria","status":"publish","type":"post","link":"https:\/\/www.elsindical.com.ar\/notas\/la-matanzaagoniza-el-policia-herido-en-violento-robo-a-pizzeria\/","title":{"rendered":"La Matanza:Agoniza el polic\u00eda herido en violento robo a pizzer\u00eda"},"content":{"rendered":"<p style=\"text-align: justify;\"><em><a href=\"http:\/\/www.elsindical.com.ar\/notas\/var\/www\/html\/notas\/wp-content\/uploads\/2010\/05\/disparos-pistola1.jpg\"><img loading=\"lazy\" decoding=\"async\" class=\"alignleft size-full wp-image-6653\" alt=\"disparos-pistola\" src=\"http:\/\/www.elsindical.com.ar\/notas\/var\/www\/html\/notas\/wp-content\/uploads\/2010\/05\/disparos-pistola1.jpg\" width=\"369\" height=\"248\" \/><\/a>Sucedi\u00f3 en Ciudad Evita, donde una banda de ladrones pretendi\u00f3 desvalijar el comercio. El efectivo lucha por su vida en un hospital de Isidro Casanova.<\/em><\/p>\n<div style=\"text-align: justify;\">Un Capit\u00e1n de la Polic\u00eda Bonaerense agonizaba el s\u00e1bado luego de haber sido herido gravemente de bala por tres delincuentes, que intentaron robar en una pizzer\u00eda, en Ciudad Evita, en el partido de La Matanza, al oeste del Gran Buenos Aires. Los bestiales marginales fugaron en un coche y ahora son buscados de manera intensa por los pesquisas.<\/div>\n<div style=\"text-align: justify;\"><\/div>\n<div style=\"text-align: justify;\">Los voceros revelaron que el brutal hecho se produjo a las 22:30\u00a0hs.\u00a0del viernes pasado cuando el Capit\u00e1n <b>N\u00e9stor Andr\u00e9s Rodr\u00edguez<\/b>, cenaba con su pareja, <b>Hayde\u00e9 Elvira Otero<\/b>, en una pizzer\u00eda situada en el cruce de El Cedro y La Mulita. El funcionario se desempe\u00f1a en la Divisi\u00f3n Canes de La Matanza.<\/div>\n<div style=\"text-align: justify;\"><\/div>\n<div style=\"text-align: justify;\">Trascendi\u00f3 que en estas circunstancias, tres sujetos armados ingresaron con fines de robo al negocio. El Capit\u00e1n, que se hallaba franco de servicio y vestido de civil, se identific\u00f3 como efectivo policial y les imparti\u00f3 la voz de alto a los ladrones.<\/div>\n<div style=\"text-align: justify;\"><\/div>\n<div style=\"text-align: justify;\">Al verse sorprendidos, los individuos no dudaron en atacar a disparos al valiente oficial, quien repeli\u00f3 la agresi\u00f3n con su pistola reglamentaria 9 mil\u00edmetros, oportunidad en la que se origin\u00f3 un violento tiroteo.<\/div>\n<div style=\"text-align: justify;\"><\/div>\n<div style=\"text-align: justify;\">El servidor p\u00fablico recibi\u00f3 al menos tres impactos de bala, uno de ellos en el abdomen. El grupo delictivo abandon\u00f3 el comercio y ascendi\u00f3 a un rodado, que hab\u00eda dejado estacionado a muy pocos metros de la pizzer\u00eda.<\/div>\n<div style=\"text-align: justify;\"><\/div>\n<div style=\"text-align: justify;\">Los malvivientes huyeron r\u00e1pidamente en el autom\u00f3vil.<\/div>\n<div style=\"text-align: justify;\"><\/div>\n<div style=\"text-align: justify;\">Minutos despu\u00e9s, Rodr\u00edguez fue trasladado al Hospital Diego Paroissien de Isidro Casanova, donde tuvo que ser operado por los m\u00e9dicos, quienes se vieron obligados a extirparle parte del est\u00f3mago. Los profesionales del nosocomio dijeron que el estado del capit\u00e1n es sumamente grave.<\/div>\n<div style=\"text-align: justify;\"><\/div>\n<div style=\"text-align: justify;\">Durante la jornada de ayer, los integrantes de la comisar\u00eda de Ciudad Evita (9\u00aa de La Matanza) realizaron una serie de procedimientos, en el humilde vecindario con la intenci\u00f3n de capturar a los autores del suceso, estim\u00e1ndose que los individuos podr\u00edan estar escondidos en alguno de los complejos habitacionales de la mencionada zona.<\/div>\n<div style=\"text-align: justify;\"><\/div>\n<div style=\"text-align: justify;\">Intervino en la causa <b>Jos\u00e9 Luis Longobardi<\/b>, Fiscal en turno del departamento judicial de La Matanza.<\/div>\n<div style=\"text-align: justify;\"><\/div>\n<div style=\"text-align: justify;\"><strong>Se est\u00e1n necesitando dadores de sangre para Rodr\u00edguez en el Hospital Diego Paroissien, en el horario de las 08:00 hs. en el sector hemoterapia, se recuerda realizar el correspondiente ayuno.<\/strong><\/div>\n","protected":false},"excerpt":{"rendered":"<p>Sucedi\u00f3 en Ciudad Evita, donde una banda de ladrones pretendi\u00f3 desvalijar el comercio. El efectivo lucha por su vida en un hospital de Isidro Casanova. Un Capit\u00e1n de la Polic\u00eda Bonaerense agonizaba el s\u00e1bado luego de haber sido herido gravemente de bala por tres delincuentes, que intentaron robar en una pizzer\u00eda, en Ciudad Evita, en&hellip;<\/p>\n","protected":false},"author":1,"featured_media":0,"comment_status":"open","ping_status":"open","sticky":false,"template":"","format":"standard","meta":{"footnotes":""},"categories":[22],"tags":[16239,9269,16240,5350],"class_list":["post-34988","post","type-post","status-publish","format-standard","hentry","category-policiales","tag-capitan-nestor-andres-rodriguez","tag-ciudad-evita","tag-haydee-elvira-otero","tag-isidro-casanova"],"_links":{"self":[{"href":"https:\/\/www.elsindical.com.ar\/notas\/wp-json\/wp\/v2\/posts\/34988","targetHints":{"allow":["GET"]}}],"collection":[{"href":"https:\/\/www.elsindical.com.ar\/notas\/wp-json\/wp\/v2\/posts"}],"about":[{"href":"https:\/\/www.elsindical.com.ar\/notas\/wp-json\/wp\/v2\/types\/post"}],"author":[{"embeddable":true,"href":"https:\/\/www.elsindical.com.ar\/notas\/wp-json\/wp\/v2\/users\/1"}],"replies":[{"embeddable":true,"href":"https:\/\/www.elsindical.com.ar\/notas\/wp-json\/wp\/v2\/comments?post=34988"}],"version-history":[{"count":2,"href":"https:\/\/www.elsindical.com.ar\/notas\/wp-json\/wp\/v2\/posts\/34988\/revisions"}],"predecessor-version":[{"id":34990,"href":"https:\/\/www.elsindical.com.ar\/notas\/wp-json\/wp\/v2\/posts\/34988\/revisions\/34990"}],"wp:attachment":[{"href":"https:\/\/www.elsindical.com.ar\/notas\/wp-json\/wp\/v2\/media?parent=34988"}],"wp:term":[{"taxonomy":"category","embeddable":true,"href":"https:\/\/www.elsindical.com.ar\/notas\/wp-json\/wp\/v2\/categories?post=34988"},{"taxonomy":"post_tag","embeddable":true,"href":"https:\/\/www.elsindical.com.ar\/notas\/wp-json\/wp\/v2\/tags?post=34988"}],"curies":[{"name":"wp","href":"https:\/\/api.w.org\/{rel}","templated":true}]}}