{"id":34887,"date":"2013-05-21T14:35:20","date_gmt":"2013-05-21T17:35:20","guid":{"rendered":"http:\/\/www.elsindical.com.ar\/notas\/?p=34887"},"modified":"2013-05-21T14:35:20","modified_gmt":"2013-05-21T17:35:20","slug":"bernaldos-pitbulls-desfiguraron-a-un-ladron","status":"publish","type":"post","link":"https:\/\/www.elsindical.com.ar\/notas\/bernaldos-pitbulls-desfiguraron-a-un-ladron\/","title":{"rendered":"Bernal:Dos pitbulls desfiguraron a un ladr\u00f3n"},"content":{"rendered":"<p style=\"text-align: justify;\"><em><a href=\"http:\/\/www.elsindical.com.ar\/notas\/var\/www\/html\/notas\/wp-content\/uploads\/2013\/05\/Pitbulls-y-ropas-delincuente.jpg\"><img loading=\"lazy\" decoding=\"async\" class=\"alignleft size-medium wp-image-34888\" alt=\"Pitbulls-y-ropas-delincuente\" src=\"http:\/\/www.elsindical.com.ar\/notas\/var\/www\/html\/notas\/wp-content\/uploads\/2013\/05\/Pitbulls-y-ropas-delincuente-300x170.jpg\" width=\"383\" height=\"227\" \/><\/a>Los perros de caza atacaron a la persona cuando ingresaba a un terreno en Bernal. Le produjeron da\u00f1os en la cara y en las piernas.<\/em><\/p>\n<p style=\"text-align: justify;\">Dos <b>perros de raza pitbull blue<\/b> <b>atacaron<\/b> en la medianoche de este lunes a un presunto <b>ladr\u00f3n<\/b> cuando ingresaba al patio de una casa en <b>Bernal<\/b> y le provocaron desgarros en la cara y en las piernas.<\/p>\n<p>El episodio ocurri\u00f3 en una propiedad ubicada en De Pinedo 160 y la persona no sufri\u00f3 m\u00e1s da\u00f1os gracias a que el due\u00f1o de los animales logr\u00f3 separarlo a los pocos minutos.<\/p>\n<p>\u00abVen\u00eda de trabajar y me enter\u00e9 que hab\u00eda entrado un chorro y lo agarr\u00f3 justo los perros. Estaba abajo de los perros.<b> Le faltaba parte de la cara, la oreja, ten\u00eda las piernas todas rotas y algunas otras partes del cuerpo. Mucho no se pod\u00eda ver, estaba bastante roto\u00bb<\/b>, detall\u00f3 Daniel.<\/p>\n<p>\u00abSon pitbulls blue. No est\u00e1n entrenados, est\u00e1n criados como vos crias un pibe. Tengo tres hijos y est\u00e1n todo el d\u00eda con ellos jugando. Lo \u00fanico que cuando se mete alguien que no conocen los ataca\u00bb, indic\u00f3 el due\u00f1o de las mascotas, que aclar\u00f3:<b> \u00abLlegaba diez minutos m\u00e1s tarde y es posible que el tipo ni la cuente\u00bb<\/b>.<\/p>\n<p>\u00abUno de los perros se qued\u00f3 con una gorra y hoy a la ma\u00f1ana estaba jugando con ella. En la vereda quedaron cosas del ladr\u00f3n, una mochila y ropa\u00bb, se\u00f1al\u00f3.<\/p>\n<p>Por su parte, el Comisario Fernando Grasso explic\u00f3 que la persona atacada fue trasladada al hospital de Quilmes donde los m\u00e9dicos decidir\u00e1n si ser\u00e1 operado para implantarle alg\u00fan tipo de piel por los desgarros que le produjeron las mordidas.<br \/>\n<b><br \/>\n\u00abLa fiscal\u00eda caratul\u00f3 la causa como violaci\u00f3n de propiedad y estamos verificando si ten\u00eda antecedente y cu\u00e1l fue el prop\u00f3sito, si ten\u00eda intenciones de robo o de usurpar la propiedad\u00bb<\/b>, puntualiz\u00f3 Grasso.<\/p>\n","protected":false},"excerpt":{"rendered":"<p>Los perros de caza atacaron a la persona cuando ingresaba a un terreno en Bernal. Le produjeron da\u00f1os en la cara y en las piernas. Dos perros de raza pitbull blue atacaron en la medianoche de este lunes a un presunto ladr\u00f3n cuando ingresaba al patio de una casa en Bernal y le provocaron desgarros&hellip;<\/p>\n","protected":false},"author":1,"featured_media":0,"comment_status":"open","ping_status":"open","sticky":false,"template":"","format":"standard","meta":{"footnotes":""},"categories":[22],"tags":[683,16189,2786,386,11388,303,30,684],"class_list":["post-34887","post","type-post","status-publish","format-standard","hentry","category-policiales","tag-bernal","tag-cara","tag-heridas","tag-ladron","tag-piernas","tag-pitbull","tag-policia","tag-quilmes"],"_links":{"self":[{"href":"https:\/\/www.elsindical.com.ar\/notas\/wp-json\/wp\/v2\/posts\/34887","targetHints":{"allow":["GET"]}}],"collection":[{"href":"https:\/\/www.elsindical.com.ar\/notas\/wp-json\/wp\/v2\/posts"}],"about":[{"href":"https:\/\/www.elsindical.com.ar\/notas\/wp-json\/wp\/v2\/types\/post"}],"author":[{"embeddable":true,"href":"https:\/\/www.elsindical.com.ar\/notas\/wp-json\/wp\/v2\/users\/1"}],"replies":[{"embeddable":true,"href":"https:\/\/www.elsindical.com.ar\/notas\/wp-json\/wp\/v2\/comments?post=34887"}],"version-history":[{"count":2,"href":"https:\/\/www.elsindical.com.ar\/notas\/wp-json\/wp\/v2\/posts\/34887\/revisions"}],"predecessor-version":[{"id":34890,"href":"https:\/\/www.elsindical.com.ar\/notas\/wp-json\/wp\/v2\/posts\/34887\/revisions\/34890"}],"wp:attachment":[{"href":"https:\/\/www.elsindical.com.ar\/notas\/wp-json\/wp\/v2\/media?parent=34887"}],"wp:term":[{"taxonomy":"category","embeddable":true,"href":"https:\/\/www.elsindical.com.ar\/notas\/wp-json\/wp\/v2\/categories?post=34887"},{"taxonomy":"post_tag","embeddable":true,"href":"https:\/\/www.elsindical.com.ar\/notas\/wp-json\/wp\/v2\/tags?post=34887"}],"curies":[{"name":"wp","href":"https:\/\/api.w.org\/{rel}","templated":true}]}}