{"id":3484,"date":"2010-02-11T00:32:18","date_gmt":"2010-02-11T03:32:18","guid":{"rendered":"http:\/\/www.elsindical.com.ar\/notas\/?p=3484"},"modified":"2010-02-11T00:32:18","modified_gmt":"2010-02-11T03:32:18","slug":"paro-de-choferes-de-edesur","status":"publish","type":"post","link":"https:\/\/www.elsindical.com.ar\/notas\/paro-de-choferes-de-edesur\/","title":{"rendered":"Paro de  ch\u00f3feres de Edesur"},"content":{"rendered":"<p style=\"text-align: justify;\"><em><a href=\"http:\/\/www.elsindical.com.ar\/notas\/var\/www\/html\/notas\/wp-content\/uploads\/2010\/02\/camioneta-EDESUR.jpg\"><img loading=\"lazy\" decoding=\"async\" class=\"alignleft size-full wp-image-3485\" title=\"camioneta-EDESUR\" src=\"http:\/\/www.elsindical.com.ar\/notas\/var\/www\/html\/notas\/wp-content\/uploads\/2010\/02\/camioneta-EDESUR.jpg\" alt=\"\" width=\"198\" height=\"152\" \/><\/a>Los ch\u00f3feres y transportistas de EDESUR organizados en la Federaci\u00f3n de Trabajadores de la Energ\u00eda de la Republica Argentina (Fetera-CTA), realizaron su primer paro en 16 a\u00f1os, para lograr mejorar sus condiciones de trabajo.<\/em><\/p>\n<p style=\"text-align: justify;\">Luego de muchos a\u00f1os de sufrir abuso y fraude laboral, los ch\u00f3feres de EDESUR realizaron una jornada de paro para demostrar que este sector existe en la empresa, e iniciar las discusiones que lleven a una mejora en las condiciones de trabajo del mismo.<\/p>\n<p style=\"text-align: justify;\">Trabajadores con m\u00e1s de 16 a\u00f1os de antig\u00fcedad desempe\u00f1\u00e1ndose como ch\u00f3feres y transportistas en EDESUR, la empresa distribuidora de electricidad de la zona sur de la ciudad de Buenos Aires y su \u00e1rea metropolitana; intentan infructuosamente desde hace meses dialogar con las autoridades de la empresa para poder mejorar sus condiciones de labor y obtener un reconocimiento sobre los trabajos que efectivamente realizan desde hace a\u00f1os, pero EDESUR no les reconoce.<\/p>\n<p style=\"text-align: justify;\">Casi cuatrocientos trabajadores pararon hoy hartos de esta situaci\u00f3n.<\/p>\n<p style=\"text-align: justify;\">La agrupaci\u00f3n ASTTAASE, se constituy\u00f3 a finales del a\u00f1o pasado y se integr\u00f3 inmediatamente a la CTA y a la FeTERA.<\/p>\n<p style=\"text-align: justify;\">Durante el mes de enero la FeTERA comunic\u00f3 a EDESUR la elecci\u00f3n de delegados en el sector de ch\u00f3feres y transportistas, a partir de los derechos que asisten a los trabajadores y que dan sustento real a la libertad sindical.<\/p>\n<p style=\"text-align: justify;\">La empresa desconociendo estos derechos, rechaz\u00f3 todo intento de dialogo de los trabajadores y mantiene una situaci\u00f3n sumamente injusta donde los trabajadores no cuentan con los derechos laborales del sector y sus salarios son miserables.<\/p>\n<p style=\"text-align: justify;\">Por estas razones paran los ch\u00f3feres de EDESUR, y por estas razones continuar\u00e1n su lucha hasta lograr mejorar sus condiciones de trabajo, sus derechos y para contar con salarios dignos.<\/p>\n<p style=\"text-align: justify;\">La Federaci\u00f3n de Trabajadores de la Energ\u00eda de la Rep\u00fablica Argentina (FeTERA-CTA), apoya la jornada de lucha que llevaron a cabo los compa\u00f1eros de ASTTAASE y sostiene junto a ellos, que la defensa de nuestros derechos como trabajadores nos hace dignos frente a empresas como EDESUR, que niegan los esfuerzos f\u00edsicos e intelectuales que todos los d\u00edas realizamos para garantizar, en este caso, el servicio p\u00fablico de la electricidad.<\/p>\n","protected":false},"excerpt":{"rendered":"<p>Los ch\u00f3feres y transportistas de EDESUR organizados en la Federaci\u00f3n de Trabajadores de la Energ\u00eda de la Republica Argentina (Fetera-CTA), realizaron su primer paro en 16 a\u00f1os, para lograr mejorar sus condiciones de trabajo. Luego de muchos a\u00f1os de sufrir abuso y fraude laboral, los ch\u00f3feres de EDESUR realizaron una jornada de paro para demostrar&hellip;<\/p>\n","protected":false},"author":1,"featured_media":0,"comment_status":"open","ping_status":"open","sticky":false,"template":"","format":"standard","meta":{"footnotes":""},"categories":[16],"tags":[633,184,374,1821,67],"class_list":["post-3484","post","type-post","status-publish","format-standard","hentry","category-gremiales","tag-choferes","tag-cta","tag-edesur","tag-fetera","tag-paro"],"_links":{"self":[{"href":"https:\/\/www.elsindical.com.ar\/notas\/wp-json\/wp\/v2\/posts\/3484","targetHints":{"allow":["GET"]}}],"collection":[{"href":"https:\/\/www.elsindical.com.ar\/notas\/wp-json\/wp\/v2\/posts"}],"about":[{"href":"https:\/\/www.elsindical.com.ar\/notas\/wp-json\/wp\/v2\/types\/post"}],"author":[{"embeddable":true,"href":"https:\/\/www.elsindical.com.ar\/notas\/wp-json\/wp\/v2\/users\/1"}],"replies":[{"embeddable":true,"href":"https:\/\/www.elsindical.com.ar\/notas\/wp-json\/wp\/v2\/comments?post=3484"}],"version-history":[{"count":1,"href":"https:\/\/www.elsindical.com.ar\/notas\/wp-json\/wp\/v2\/posts\/3484\/revisions"}],"predecessor-version":[{"id":3486,"href":"https:\/\/www.elsindical.com.ar\/notas\/wp-json\/wp\/v2\/posts\/3484\/revisions\/3486"}],"wp:attachment":[{"href":"https:\/\/www.elsindical.com.ar\/notas\/wp-json\/wp\/v2\/media?parent=3484"}],"wp:term":[{"taxonomy":"category","embeddable":true,"href":"https:\/\/www.elsindical.com.ar\/notas\/wp-json\/wp\/v2\/categories?post=3484"},{"taxonomy":"post_tag","embeddable":true,"href":"https:\/\/www.elsindical.com.ar\/notas\/wp-json\/wp\/v2\/tags?post=3484"}],"curies":[{"name":"wp","href":"https:\/\/api.w.org\/{rel}","templated":true}]}}