{"id":34823,"date":"2013-05-17T15:22:42","date_gmt":"2013-05-17T18:22:42","guid":{"rendered":"http:\/\/www.elsindical.com.ar\/notas\/?p=34823"},"modified":"2013-05-17T15:22:42","modified_gmt":"2013-05-17T18:22:42","slug":"muerto-el-perro-muerta-la-rabia","status":"publish","type":"post","link":"https:\/\/www.elsindical.com.ar\/notas\/muerto-el-perro-muerta-la-rabia\/","title":{"rendered":"Muerto el perro, muerta la rabia?"},"content":{"rendered":"<p style=\"text-align: justify;\"><em><a href=\"http:\/\/www.elsindical.com.ar\/notas\/var\/www\/html\/notas\/wp-content\/uploads\/2013\/05\/presidente-Jorge-Rafael-Videla.jpg\"><img loading=\"lazy\" decoding=\"async\" class=\"alignleft size-medium wp-image-34824\" alt=\"presidente-Jorge-Rafael-Videla\" src=\"http:\/\/www.elsindical.com.ar\/notas\/var\/www\/html\/notas\/wp-content\/uploads\/2013\/05\/presidente-Jorge-Rafael-Videla-196x300.jpg\" width=\"196\" height=\"300\" srcset=\"https:\/\/www.elsindical.com.ar\/notas\/var\/www\/html\/notas\/wp-content\/uploads\/2013\/05\/presidente-Jorge-Rafael-Videla-196x300.jpg 196w, https:\/\/www.elsindical.com.ar\/notas\/var\/www\/html\/notas\/wp-content\/uploads\/2013\/05\/presidente-Jorge-Rafael-Videla.jpg 502w\" sizes=\"auto, (max-width: 196px) 100vw, 196px\" \/><\/a>Hab\u00eda una vez un pa\u00eds, en donde reino el miedo, el silencio, y la total convicci\u00f3n de falta de justicia&#8230;sin embargo y a pesar de los villanos del cuento, y de su aliado inexorable, \u00abel tiempo\u00bb, volvi\u00f3 la esperanza, se oyeron las voces, cobr\u00f3 coraje la memoria y se empez\u00f3 a hacer justicia.<\/em><\/p>\n<p>Me refiero a los crimenes cometidos por los responsables de la Dictadura, 1976\/1983, hubo un juicio a las Juntas, pero hubo un Punto Final, hubo condenas pero luego hubo Indulto, hubo dolor y sabor a traici\u00f2n en ese aparente final, sin embargo y como en esos cuentos m\u00e0gicos, se di\u00f2 pelea a un destino cruel Con absoluta decision politica el Gobierno de Nestor Kirchner, volvio sobre los criminales, los enjuicio por los crimenes de lesa humanidad, y hubo condenas y condenados, y hubo simbolos para nunca jamas olvidar.<\/p>\n<p style=\"text-align: justify;\">Se cre\u00f3 en la ESMA, sede emblem\u00e1tica de los centros clandestinos de detenci\u00f3n y torturas, un museo de la memoria para poder tener un lugar de referencia, un lugar de reflexi\u00f3n , un lugar de encuentro, un lugar para jurarnos que impediremos que se vuelva a repetir<\/p>\n<p>La sociedad Argentina comprendi\u00f3, la fuerza de unas mujeres cuyo \u00fanico arma era un pa\u00f1uelo blanco, su \u00fanica bandera sus hijos, su \u00fanica lucha\u00a0 la verdad<\/p>\n<p>As\u00ed no s\u00f3lo nos pusimos de pie frente a la historia que vivimos sino frente al rol que cada uno tuvo, frente a la realidad y frente a nosotros a\u00fan quedan cap\u00edtulos de este cuento Necesitamos sincerarnos y blanquear a quienes fueron c\u00f3mplices del Proceso Nefasto que no solo nos arranco la vida de 30000 desaparecidos , sino que arrasaron con la dignidad, la fuerza productiva, nos convirtieron en una inmensa fabrica vac\u00eda&#8230;<\/p>\n<p style=\"text-align: justify;\">Hoy muri\u00f3 en prisi\u00f3n, por tener condena a perpetua JORGE RAFAEL VIDELA , el personaje m\u00e1s siniestro de esa etapa, y no me alegra su muerte, me alegro en su momento saber que cumplir\u00eda prisi\u00f3n efectiva en una c\u00e1rcel de Marcos Paz, lo cual en a\u00f1os anteriores , era solo parte de un cuento de hadas<\/p>\n<p>Hoy adem\u00e1s de dejar de cumplir su condena, Videla, nos dejo sin saber, Videla aun muerto hace da\u00f1o, porque no conto d\u00f3nde est\u00e1n los hijos de los desaparecidos, no conto el destino de los cuerpos de los desaparecidos, no dijo que grupos civiles fueron funcionales a los fines de cumplir con sus planes, los planes de la Junta Nacional de Reorganizaci\u00f3n Nacional<\/p>\n<p>Hoy s\u00e9, que no ha muerto el odio, no han muerto las ideas aquellas que llevaron a que un pa\u00eds, mi Argentina, tenga una herida abierta para siempre, hoy lamento que haya muchos Videlas que pretenden alterar el car\u00e1cter democr\u00e1tico de la Naci\u00f3n.<\/p>\n<p style=\"text-align: justify;\">No nos enga\u00f1emos , solo muri\u00f3 un dictador, pero no ha muerto la saga de aquella dictadura.<\/p>\n<p style=\"text-align: justify;\">\n<p>Dra. Valeria Carreras<\/p>\n","protected":false},"excerpt":{"rendered":"<p>Hab\u00eda una vez un pa\u00eds, en donde reino el miedo, el silencio, y la total convicci\u00f3n de falta de justicia&#8230;sin embargo y a pesar de los villanos del cuento, y de su aliado inexorable, \u00abel tiempo\u00bb, volvi\u00f3 la esperanza, se oyeron las voces, cobr\u00f3 coraje la memoria y se empez\u00f3 a hacer justicia. Me refiero&hellip;<\/p>\n","protected":false},"author":1,"featured_media":0,"comment_status":"open","ping_status":"open","sticky":false,"template":"","format":"standard","meta":{"footnotes":""},"categories":[21],"tags":[16169,3361,7426,16164],"class_list":["post-34823","post","type-post","status-publish","format-standard","hentry","category-opinion","tag-dictadores","tag-esma","tag-gobierno-de-facto","tag-jorge-rafael-videla"],"_links":{"self":[{"href":"https:\/\/www.elsindical.com.ar\/notas\/wp-json\/wp\/v2\/posts\/34823","targetHints":{"allow":["GET"]}}],"collection":[{"href":"https:\/\/www.elsindical.com.ar\/notas\/wp-json\/wp\/v2\/posts"}],"about":[{"href":"https:\/\/www.elsindical.com.ar\/notas\/wp-json\/wp\/v2\/types\/post"}],"author":[{"embeddable":true,"href":"https:\/\/www.elsindical.com.ar\/notas\/wp-json\/wp\/v2\/users\/1"}],"replies":[{"embeddable":true,"href":"https:\/\/www.elsindical.com.ar\/notas\/wp-json\/wp\/v2\/comments?post=34823"}],"version-history":[{"count":2,"href":"https:\/\/www.elsindical.com.ar\/notas\/wp-json\/wp\/v2\/posts\/34823\/revisions"}],"predecessor-version":[{"id":34826,"href":"https:\/\/www.elsindical.com.ar\/notas\/wp-json\/wp\/v2\/posts\/34823\/revisions\/34826"}],"wp:attachment":[{"href":"https:\/\/www.elsindical.com.ar\/notas\/wp-json\/wp\/v2\/media?parent=34823"}],"wp:term":[{"taxonomy":"category","embeddable":true,"href":"https:\/\/www.elsindical.com.ar\/notas\/wp-json\/wp\/v2\/categories?post=34823"},{"taxonomy":"post_tag","embeddable":true,"href":"https:\/\/www.elsindical.com.ar\/notas\/wp-json\/wp\/v2\/tags?post=34823"}],"curies":[{"name":"wp","href":"https:\/\/api.w.org\/{rel}","templated":true}]}}