{"id":34813,"date":"2013-05-17T12:45:15","date_gmt":"2013-05-17T15:45:15","guid":{"rendered":"http:\/\/www.elsindical.com.ar\/notas\/?p=34813"},"modified":"2013-05-17T12:45:15","modified_gmt":"2013-05-17T15:45:15","slug":"fallecio-jorge-rafael-videla","status":"publish","type":"post","link":"https:\/\/www.elsindical.com.ar\/notas\/fallecio-jorge-rafael-videla\/","title":{"rendered":"Falleci\u00f3 Jorge Rafael Videla"},"content":{"rendered":"<p style=\"text-align: justify;\"><em><strong><a href=\"http:\/\/www.elsindical.com.ar\/notas\/var\/www\/html\/notas\/wp-content\/uploads\/2013\/05\/Jorge-Rafael-Videla.jpg\"><img loading=\"lazy\" decoding=\"async\" class=\"alignleft size-medium wp-image-34814\" alt=\"Jorge-Rafael-Videla\" src=\"http:\/\/www.elsindical.com.ar\/notas\/var\/www\/html\/notas\/wp-content\/uploads\/2013\/05\/Jorge-Rafael-Videla-300x224.jpg\" width=\"300\" height=\"224\" srcset=\"https:\/\/www.elsindical.com.ar\/notas\/var\/www\/html\/notas\/wp-content\/uploads\/2013\/05\/Jorge-Rafael-Videla-300x224.jpg 300w, https:\/\/www.elsindical.com.ar\/notas\/var\/www\/html\/notas\/wp-content\/uploads\/2013\/05\/Jorge-Rafael-Videla-400x300.jpg 400w, https:\/\/www.elsindical.com.ar\/notas\/var\/www\/html\/notas\/wp-content\/uploads\/2013\/05\/Jorge-Rafael-Videla.jpg 502w\" sizes=\"auto, (max-width: 300px) 100vw, 300px\" \/><\/a>El dictador falleci\u00f3 a los 87 a\u00f1os<\/strong> en el penal de Marcos Paz, seg\u00fan confirmaron desde el Servicio Penitenciario y la Secretar\u00eda de Derechos Humanos<strong>. <\/strong>Fue presidente de facto entre 1976 y 1981 y<strong> hab\u00eda sido condenado a prisi\u00f3n perpetua por cr\u00edmenes de lesa humanidad, entre ellos el robo sistem\u00e1tico de beb\u00e9s durante la dictadura.<\/strong><\/em><\/p>\n<p style=\"text-align: justify;\"><strong>Jorge Rafael Videla<\/strong> falleci\u00f3 esta madrugada en el penal de Marcos Paz, seg\u00fan confirmaron fuentes del gobierno nacional.<\/p>\n<p style=\"text-align: justify;\"><strong>El dictador tuvo una muerte natural en su celda a las 06:30.<\/strong> Los m\u00e9dicos indicaron que la causa oficial del deceso fue un paro cardiorrespiratorio y se espera un comunicado de la Secretar\u00eda de Derechos Humanos con informaci\u00f3n detallada.<\/p>\n<p style=\"text-align: justify;\">Los rumores sobre el fallecimiento del dictador hab\u00edan surgido en las primeras horas de este viernes en las redes sociales. <strong>Mar\u00eda\u00a0Cecilia Pando, <\/strong>esposa del oficial retirado Pedro Rafael Mercado, confirm\u00f3 la noticia en declaraciones radiales pero aclar\u00f3 que no tiene detalles.<\/p>\n<p style=\"text-align: justify;\">El periodista <strong>Ra\u00fal Kollman<\/strong> inform\u00f3 que Videla se despert\u00f3 esta ma\u00f1ana, comenz\u00f3 a sentirse mal y fue al ba\u00f1o, donde fue encontrado muerto pocos minutos despu\u00e9s. Ahora las autoridades est\u00e1n realizando la autopsia.<\/p>\n<p style=\"text-align: justify;\">Con la muerte de Videla ya no quedan sobrevivientes de la primera Junta Militar, integrada adem\u00e1s por<strong>\u00a0el comandante Orlando Ram\u00f3n Agosti<\/strong>, muerto en 1997, y<strong>\u00a0el almirante Emilio Eduardo Massera<\/strong>, fallecido en 2010.<\/p>\n<p style=\"text-align: justify;\">Videla fue presidente de facto entre 1976 y 1981. En 2010 fue condenado a cadena perpetua por diversos cr\u00edmenes de lesa humanidad y en 2012 recibi\u00f3 una pena de 50 a\u00f1os por encontr\u00e1rsele penalmente responsable del secuestro sistem\u00e1tico de neonatos y ni\u00f1os durante la dictadura.<\/p>\n<p style=\"text-align: justify;\">La \u00faltima aparici\u00f3n p\u00fablica del militar fue el\u00a0<strong>14 de mayo<\/strong>, ante un tribunal oral.\u00a0<strong>Se neg\u00f3 a contestar preguntas, pero hizo uso de la palabra.\u00a0<\/strong>Videla<strong>\u00a0nunca se arrepinti\u00f3 de su papel en los a\u00f1os de plomo<\/strong><a title=\"El ex dictador Videla neg\u00f3 un plan sistem\u00e1tico de robo de beb\u00e9s en Argentina\" href=\"http:\/\/america.infobae.com\/notas\/53187-El-ex-dictador-Videla-nego-un-plan-sistematico-de-robo-de-bebes-en-Argentina\" target=\"_blank\">,<\/a>\u00a0y en sus \u00faltimos a\u00f1os se encarg\u00f3 de difundir sus ataques contra la gesti\u00f3n de la actual presidente\u00a0<strong>Cristina Kirchner.<\/strong><\/p>\n<p style=\"text-align: justify;\">Estaba previsto que el pr\u00f3ximo martes se presentara a declarar en la causa por el Plan C\u00f3ndor, que tiene a otros 24 imputados, e investiga 108 violaciones a los derechos humanos cometidas en el marco de un acuerdo de cooperaci\u00f3n celebrado entre diversas dictaduras del Cono Sur.<\/p>\n","protected":false},"excerpt":{"rendered":"<p>El dictador falleci\u00f3 a los 87 a\u00f1os en el penal de Marcos Paz, seg\u00fan confirmaron desde el Servicio Penitenciario y la Secretar\u00eda de Derechos Humanos. Fue presidente de facto entre 1976 y 1981 y hab\u00eda sido condenado a prisi\u00f3n perpetua por cr\u00edmenes de lesa humanidad, entre ellos el robo sistem\u00e1tico de beb\u00e9s durante la dictadura.&hellip;<\/p>\n","protected":false},"author":1,"featured_media":0,"comment_status":"open","ping_status":"open","sticky":false,"template":"","format":"standard","meta":{"footnotes":""},"categories":[25],"tags":[11123,16165,16164,1249,16166],"class_list":["post-34813","post","type-post","status-publish","format-standard","hentry","category-sociedad","tag-dictador","tag-emilio-eduardo-massera","tag-jorge-rafael-videla","tag-marcos-paz","tag-maria-cecilia-pando"],"_links":{"self":[{"href":"https:\/\/www.elsindical.com.ar\/notas\/wp-json\/wp\/v2\/posts\/34813","targetHints":{"allow":["GET"]}}],"collection":[{"href":"https:\/\/www.elsindical.com.ar\/notas\/wp-json\/wp\/v2\/posts"}],"about":[{"href":"https:\/\/www.elsindical.com.ar\/notas\/wp-json\/wp\/v2\/types\/post"}],"author":[{"embeddable":true,"href":"https:\/\/www.elsindical.com.ar\/notas\/wp-json\/wp\/v2\/users\/1"}],"replies":[{"embeddable":true,"href":"https:\/\/www.elsindical.com.ar\/notas\/wp-json\/wp\/v2\/comments?post=34813"}],"version-history":[{"count":2,"href":"https:\/\/www.elsindical.com.ar\/notas\/wp-json\/wp\/v2\/posts\/34813\/revisions"}],"predecessor-version":[{"id":34816,"href":"https:\/\/www.elsindical.com.ar\/notas\/wp-json\/wp\/v2\/posts\/34813\/revisions\/34816"}],"wp:attachment":[{"href":"https:\/\/www.elsindical.com.ar\/notas\/wp-json\/wp\/v2\/media?parent=34813"}],"wp:term":[{"taxonomy":"category","embeddable":true,"href":"https:\/\/www.elsindical.com.ar\/notas\/wp-json\/wp\/v2\/categories?post=34813"},{"taxonomy":"post_tag","embeddable":true,"href":"https:\/\/www.elsindical.com.ar\/notas\/wp-json\/wp\/v2\/tags?post=34813"}],"curies":[{"name":"wp","href":"https:\/\/api.w.org\/{rel}","templated":true}]}}