{"id":34800,"date":"2013-05-16T16:36:51","date_gmt":"2013-05-16T19:36:51","guid":{"rendered":"http:\/\/www.elsindical.com.ar\/notas\/?p=34800"},"modified":"2013-05-16T16:36:51","modified_gmt":"2013-05-16T19:36:51","slug":"electricidad-alsina-sinonimo-de-impunidad-en-el-partido-de-avellaneda","status":"publish","type":"post","link":"https:\/\/www.elsindical.com.ar\/notas\/electricidad-alsina-sinonimo-de-impunidad-en-el-partido-de-avellaneda\/","title":{"rendered":"Electricidad Alsina, sin\u00f3nimo de impunidad en el partido de Avellaneda"},"content":{"rendered":"<p style=\"text-align: justify;\"><em>\u00a0<a href=\"http:\/\/www.elsindical.com.ar\/notas\/var\/www\/html\/notas\/wp-content\/uploads\/2013\/05\/Electricidad-Alsina-web.jpg\"><img loading=\"lazy\" decoding=\"async\" class=\"alignleft size-medium wp-image-34801\" alt=\"Electricidad-Alsina-web\" src=\"http:\/\/www.elsindical.com.ar\/notas\/var\/www\/html\/notas\/wp-content\/uploads\/2013\/05\/Electricidad-Alsina-web-300x225.jpg\" width=\"300\" height=\"225\" srcset=\"https:\/\/www.elsindical.com.ar\/notas\/var\/www\/html\/notas\/wp-content\/uploads\/2013\/05\/Electricidad-Alsina-web-300x225.jpg 300w, https:\/\/www.elsindical.com.ar\/notas\/var\/www\/html\/notas\/wp-content\/uploads\/2013\/05\/Electricidad-Alsina-web-400x300.jpg 400w, https:\/\/www.elsindical.com.ar\/notas\/var\/www\/html\/notas\/wp-content\/uploads\/2013\/05\/Electricidad-Alsina-web.jpg 620w\" sizes=\"auto, (max-width: 300px) 100vw, 300px\" \/><\/a>\u00a0 Si existe un comercio en el partido de Avellaneda que por su ubicaci\u00f3n y visibilidad, nos da la impresi\u00f3n de impunidad y connivencia pol\u00edtica es Electricidad Alsina S.A., una empresa dedicada al suministro de materiales el\u00e9ctricos, que ha mantenido un estatus de \u00abintocables\u00bb a pesar de que las gestiones y los pol\u00edticos han ido pasando por el municipio.<\/em><\/p>\n<p style=\"text-align: justify;\">La misma se encuentra en la Av. Belgrano 727\/731 del partido de Avellaneda, se presenta p\u00fablicamente como una empresa de amplia proyecci\u00f3n con influencia en el resto de la provincia de Buenos Aires, otras provincias e incluso pa\u00edses de Latinoam\u00e9rica, como Per\u00fa, Bolivia y Cuba. Proveedora de grandes empresas, municipios, hoteles, clubes, estadios, constructoras y minoristas.<\/p>\n<p style=\"text-align: justify;\">Forma parte de la Agrupaci\u00f3n REDELEC, la red de distribuidores de materiales el\u00e9ctricos m\u00e1s grande del pa\u00eds.<\/p>\n<p style=\"text-align: justify;\">Con todo esto, desde hace a\u00f1os, el local de la Av. Belgrano al 700, viene causando molestias y hasta accidentes a los usuarios de las l\u00edneas de colectivos que poseen para al lado del local, esto sucede porque los compradores y los veh\u00edculos de la empresa, estacionan sobre la avenida en cualquier horario, para cargar o descargar mercader\u00eda, si bien existen horarios para carga y descarga, adem\u00e1s de zonas donde no se puede estacionar o detenerse, la empresa desde hace a\u00f1os hace un abuso de la complicidad municipal de mirar para otro lado en el caso de esta empresa, que si bien no es la \u00fanica en el municipio, si es la \u00fanica que causa perjuicios a los usuarios de los colectivos.<\/p>\n<p style=\"text-align: justify;\">Como se podr\u00e1 apreciar en las fotos que ilustran la nota, son varios los pasajeros que deben bajar hasta la calle para ascender o descender de los colectivos, dentro de ese universo de pasajeros hay mujeres embarazadas, ni\u00f1os, ancianos, personas con discapacidad, pero esto no le importa a los responsables de la empresa, la cual posee al lado del comercio un estacionamiento que bien podr\u00edan utilizar, pero claro es m\u00e1s c\u00f3modo usar la calle y m\u00e1s cuando nadie te dice nada.<\/p>\n<p style=\"text-align: justify;\">Quien escribe esta nota, hace unos cuantos a\u00f1os atr\u00e1s, estaba fotografiando un cartel de permitido estacionar trucho, con referencia a que el mismo estaba autorizado por el Secretario de Gobierno, cuando se acerc\u00f3 uno de los due\u00f1os, el cual comenz\u00f3 primero a quejarse de que no entend\u00eda porque me interesaba el cartel y luego pas\u00f3 directamente a las amenazas, que pon\u00eda dinero para el intendente en ese momento Cacho \u00c1lvarez, que el daba materiales al Concejo Deliberante y que era amigo del locutor, periodista y abogado Luis Alberto Otero, quien ten\u00eda una casa al lado del comercio y que si no me iba del lugar me iban a despedir del medio\u00a0donde trabajaba, como esto no dio resultado, me dijo que si a \u00e9l le empezaban a romper las bolas, cerraba el local, dejaba a la gente en la calle y abr\u00eda en otro municipio. Por ese entonces, recorr\u00ed los despachos de los concejales y como hoy, a ninguno le importaba mucho las molestias que causaba la empresa, ya que los distintos partidos representados en Avellaneda, recib\u00edan \u00abdonaciones\u00bb de Electricidad Alsina S.A., y viendo las publicidades en los medios locales, era l\u00f3gico que ning\u00fan medio destaque esta irregularidad a plena luz del d\u00eda.<\/p>\n<p style=\"text-align: justify;\">Hoy han pasado los a\u00f1os, y todo sigue igual, las personas que por correr un colectivo han sufrido alguna lesi\u00f3n siguen viendo como las camionetas y camiones cargan y descargan materiales sin importar horario, son muchos los chicos que se ven en horario de salida escolar buscando los colectivos, bajando a la calle de una avenida muy transitada.<\/p>\n<p style=\"text-align: justify;\">Ayer fue Cacho \u00c1lvarez, hoy Jorge Ferraresi, ambos intendentes que trabajan para la foto, pero que demuestran no importarles si la gente espera inc\u00f3moda en las paradas, si tienen un accidente por descender o ascender en donde no se debe, porque los colectivos no pueden arrimar a la parada por culpa de estos veh\u00edculos.<\/p>\n<p style=\"text-align: justify;\">La corrupci\u00f3n y la complicidad de la Direcci\u00f3n de Tr\u00e1nsito es evidente, el municipio tiene muchos m\u00f3viles circulando y es imposible no ver lo que describo en la nota.<\/p>\n<p style=\"text-align: justify;\">Seguiremos pasando por el lugar y juntando material para un pr\u00f3ximo informe.<\/p>\n<p style=\"text-align: justify;\"><img loading=\"lazy\" decoding=\"async\" class=\"alignnone\" alt=\"\" src=\"https:\/\/fbcdn-sphotos-h-a.akamaihd.net\/hphotos-ak-ash3\/942689_10200597154867591_1932667737_n.jpg\" width=\"809\" height=\"960\" \/><img loading=\"lazy\" decoding=\"async\" class=\"alignnone\" alt=\"\" src=\"https:\/\/fbcdn-sphotos-b-a.akamaihd.net\/hphotos-ak-ash3\/599397_10200597154987594_2122572828_n.jpg\" width=\"720\" height=\"960\" \/><img loading=\"lazy\" decoding=\"async\" class=\"alignnone\" alt=\"\" src=\"https:\/\/fbcdn-sphotos-a-a.akamaihd.net\/hphotos-ak-ash3\/922713_10200597154947593_453732257_n.jpg\" width=\"720\" height=\"960\" \/><img loading=\"lazy\" decoding=\"async\" class=\"alignnone\" alt=\"\" src=\"https:\/\/fbcdn-sphotos-g-a.akamaihd.net\/hphotos-ak-ash3\/935662_10200597155507607_131966561_n.jpg\" width=\"777\" height=\"960\" \/><\/p>\n","protected":false},"excerpt":{"rendered":"<p>\u00a0\u00a0 Si existe un comercio en el partido de Avellaneda que por su ubicaci\u00f3n y visibilidad, nos da la impresi\u00f3n de impunidad y connivencia pol\u00edtica es Electricidad Alsina S.A., una empresa dedicada al suministro de materiales el\u00e9ctricos, que ha mantenido un estatus de \u00abintocables\u00bb a pesar de que las gestiones y los pol\u00edticos han ido&hellip;<\/p>\n","protected":false},"author":1,"featured_media":0,"comment_status":"open","ping_status":"open","sticky":false,"template":"","format":"standard","meta":{"footnotes":""},"categories":[10],"tags":[461,13531,4186,4027,16156,2879,1062,16157,402],"class_list":["post-34800","post","type-post","status-publish","format-standard","hentry","category-editorial","tag-avellaneda","tag-cacho-alvarez","tag-colectivos","tag-concejo-deliberante","tag-electricidad-alsina-s-a","tag-estacionamiento","tag-jorge-ferraresi","tag-luis-alberto-otero","tag-pasajeros"],"_links":{"self":[{"href":"https:\/\/www.elsindical.com.ar\/notas\/wp-json\/wp\/v2\/posts\/34800","targetHints":{"allow":["GET"]}}],"collection":[{"href":"https:\/\/www.elsindical.com.ar\/notas\/wp-json\/wp\/v2\/posts"}],"about":[{"href":"https:\/\/www.elsindical.com.ar\/notas\/wp-json\/wp\/v2\/types\/post"}],"author":[{"embeddable":true,"href":"https:\/\/www.elsindical.com.ar\/notas\/wp-json\/wp\/v2\/users\/1"}],"replies":[{"embeddable":true,"href":"https:\/\/www.elsindical.com.ar\/notas\/wp-json\/wp\/v2\/comments?post=34800"}],"version-history":[{"count":1,"href":"https:\/\/www.elsindical.com.ar\/notas\/wp-json\/wp\/v2\/posts\/34800\/revisions"}],"predecessor-version":[{"id":34802,"href":"https:\/\/www.elsindical.com.ar\/notas\/wp-json\/wp\/v2\/posts\/34800\/revisions\/34802"}],"wp:attachment":[{"href":"https:\/\/www.elsindical.com.ar\/notas\/wp-json\/wp\/v2\/media?parent=34800"}],"wp:term":[{"taxonomy":"category","embeddable":true,"href":"https:\/\/www.elsindical.com.ar\/notas\/wp-json\/wp\/v2\/categories?post=34800"},{"taxonomy":"post_tag","embeddable":true,"href":"https:\/\/www.elsindical.com.ar\/notas\/wp-json\/wp\/v2\/tags?post=34800"}],"curies":[{"name":"wp","href":"https:\/\/api.w.org\/{rel}","templated":true}]}}