{"id":34797,"date":"2013-05-16T13:53:24","date_gmt":"2013-05-16T16:53:24","guid":{"rendered":"http:\/\/www.elsindical.com.ar\/notas\/?p=34797"},"modified":"2013-05-16T13:53:24","modified_gmt":"2013-05-16T16:53:24","slug":"tigreviolento-asalto-a-vanina-escudero-y-waldo-navia","status":"publish","type":"post","link":"https:\/\/www.elsindical.com.ar\/notas\/tigreviolento-asalto-a-vanina-escudero-y-waldo-navia\/","title":{"rendered":"Tigre:Violento asalto a Vanina Escudero y \u00abWaldo\u00bb Navia"},"content":{"rendered":"<p style=\"text-align: justify;\"><em><a href=\"http:\/\/www.elsindical.com.ar\/notas\/var\/www\/html\/notas\/wp-content\/uploads\/2013\/05\/Vanina-y-Waldo.jpg\"><img loading=\"lazy\" decoding=\"async\" class=\"alignleft size-medium wp-image-34798\" alt=\"Vanina-y-Waldo\" src=\"http:\/\/www.elsindical.com.ar\/notas\/var\/www\/html\/notas\/wp-content\/uploads\/2013\/05\/Vanina-y-Waldo-300x203.jpg\" width=\"300\" height=\"203\" srcset=\"https:\/\/www.elsindical.com.ar\/notas\/var\/www\/html\/notas\/wp-content\/uploads\/2013\/05\/Vanina-y-Waldo-300x203.jpg 300w, https:\/\/www.elsindical.com.ar\/notas\/var\/www\/html\/notas\/wp-content\/uploads\/2013\/05\/Vanina-y-Waldo.jpg 443w\" sizes=\"auto, (max-width: 300px) 100vw, 300px\" \/><\/a>Otra vez dos famosos fueron v\u00edctimas de la inseguridad. A la bailarina y su esposo les robaron hasta los a\u00f1illos de casamiento que llevaban puestos. Ella narr\u00f3 el hecho en su cuenta de Twitter.<\/em><\/p>\n<p style=\"text-align: justify;\">Tres delincuentes armados asaltaron a la bailarina Vanina Escudero y a su marido, el actor y humorista Alvaro \u00abWaldo\u00bb Navia, cuando circulaban en su auto por el partido bonaerense de Tigre, seg\u00fan relat\u00f3 la propia v\u00edctima a los medios.<\/p>\n<p>El hecho ocurri\u00f3 ayer alrededor de las 19, cuando la pareja sal\u00eda de la localidad de Tigre de realizar un tr\u00e1mite por un emprendimiento y decidi\u00f3 tomar la colectora de la autopista Panamericana para evitar el congestionamiento del tr\u00e1fico.<\/p>\n<p>Sin embargo, los artistas fueron interceptados por tres ladrones, quienes los forzaron a detener el veh\u00edculo y los amenazaron con dispararles si no entregaban su dinero y objetos de Escudero declar\u00f3 a trav\u00e9s de su cuenta en la red social Twitter que ambos vivieron un momento \u00abespantoso\u00bb y que los delincuentes les robaron dinero, sus tel\u00e9fonos celulares, anteojos, su cartera y hasta sus anillos de casamiento.<\/p>\n<p>\u00abLo q m\u00e1s lamento es q a @waldonavia y a mi nos robaron nuestras alianzas! Se sinti\u00f3 horrible!\u00bb, escribi\u00f3 la bailarina en su Twitter, mientras que su marido, tambi\u00e9n a trav\u00e9s de la red social, dijo: \u00abUn momento d mierda, 3 pibes armados en Tigre nos robaron plata, telefono, alianzas, documentos. Gracias a Dios estamos vivos\u00bb.<\/p>\n<p>De acuerdo a lo relatado por Escudero, los ladrones los reconocieron y, una vez que tomaron los elementos de valor, escaparon.<\/p>\n<p>Si bien hasta esta ma\u00f1ana la pareja no hab\u00eda radicado la denuncia ante las autoridades, el hecho ya es investigado por efectivos policiales dependientes de la Jefatura Departamental Conurbano Norte.<\/p>\n","protected":false},"excerpt":{"rendered":"<p>Otra vez dos famosos fueron v\u00edctimas de la inseguridad. A la bailarina y su esposo les robaron hasta los a\u00f1illos de casamiento que llevaban puestos. Ella narr\u00f3 el hecho en su cuenta de Twitter. Tres delincuentes armados asaltaron a la bailarina Vanina Escudero y a su marido, el actor y humorista Alvaro \u00abWaldo\u00bb Navia, cuando&hellip;<\/p>\n","protected":false},"author":1,"featured_media":0,"comment_status":"open","ping_status":"open","sticky":false,"template":"","format":"standard","meta":{"footnotes":""},"categories":[22],"tags":[16155,13222,116,646,1624,16154],"class_list":["post-34797","post","type-post","status-publish","format-standard","hentry","category-policiales","tag-alvaro-waldo-navia","tag-objetos-de-valor","tag-robo","tag-tigre","tag-twitter","tag-vanina-escudero"],"_links":{"self":[{"href":"https:\/\/www.elsindical.com.ar\/notas\/wp-json\/wp\/v2\/posts\/34797","targetHints":{"allow":["GET"]}}],"collection":[{"href":"https:\/\/www.elsindical.com.ar\/notas\/wp-json\/wp\/v2\/posts"}],"about":[{"href":"https:\/\/www.elsindical.com.ar\/notas\/wp-json\/wp\/v2\/types\/post"}],"author":[{"embeddable":true,"href":"https:\/\/www.elsindical.com.ar\/notas\/wp-json\/wp\/v2\/users\/1"}],"replies":[{"embeddable":true,"href":"https:\/\/www.elsindical.com.ar\/notas\/wp-json\/wp\/v2\/comments?post=34797"}],"version-history":[{"count":1,"href":"https:\/\/www.elsindical.com.ar\/notas\/wp-json\/wp\/v2\/posts\/34797\/revisions"}],"predecessor-version":[{"id":34799,"href":"https:\/\/www.elsindical.com.ar\/notas\/wp-json\/wp\/v2\/posts\/34797\/revisions\/34799"}],"wp:attachment":[{"href":"https:\/\/www.elsindical.com.ar\/notas\/wp-json\/wp\/v2\/media?parent=34797"}],"wp:term":[{"taxonomy":"category","embeddable":true,"href":"https:\/\/www.elsindical.com.ar\/notas\/wp-json\/wp\/v2\/categories?post=34797"},{"taxonomy":"post_tag","embeddable":true,"href":"https:\/\/www.elsindical.com.ar\/notas\/wp-json\/wp\/v2\/tags?post=34797"}],"curies":[{"name":"wp","href":"https:\/\/api.w.org\/{rel}","templated":true}]}}