{"id":34794,"date":"2013-05-16T13:39:24","date_gmt":"2013-05-16T16:39:24","guid":{"rendered":"http:\/\/www.elsindical.com.ar\/notas\/?p=34794"},"modified":"2013-05-16T13:39:24","modified_gmt":"2013-05-16T16:39:24","slug":"fallecio-el-cantante-manolo-galvan","status":"publish","type":"post","link":"https:\/\/www.elsindical.com.ar\/notas\/fallecio-el-cantante-manolo-galvan\/","title":{"rendered":"Falleci\u00f3 el cantante Manolo Galv\u00e1n"},"content":{"rendered":"<p style=\"text-align: justify;\"><em><a href=\"http:\/\/www.elsindical.com.ar\/notas\/var\/www\/html\/notas\/wp-content\/uploads\/2013\/05\/Manolo-Galv\u00e1n.jpg\"><img loading=\"lazy\" decoding=\"async\" class=\"alignleft size-medium wp-image-34795\" alt=\"Manolo-Galv\u00e1n\" src=\"http:\/\/www.elsindical.com.ar\/notas\/var\/www\/html\/notas\/wp-content\/uploads\/2013\/05\/Manolo-Galv\u00e1n-300x174.jpg\" width=\"300\" height=\"174\" srcset=\"https:\/\/www.elsindical.com.ar\/notas\/var\/www\/html\/notas\/wp-content\/uploads\/2013\/05\/Manolo-Galv\u00e1n-300x174.jpg 300w, https:\/\/www.elsindical.com.ar\/notas\/var\/www\/html\/notas\/wp-content\/uploads\/2013\/05\/Manolo-Galv\u00e1n-500x290.jpg 500w, https:\/\/www.elsindical.com.ar\/notas\/var\/www\/html\/notas\/wp-content\/uploads\/2013\/05\/Manolo-Galv\u00e1n.jpg 502w\" sizes=\"auto, (max-width: 300px) 100vw, 300px\" \/><\/a>El cantante espa\u00f1ol<strong> Manolo Galv\u00e1n<\/strong>, de reconocida trayectoria en nuestro pa\u00eds, <strong>falleci\u00f3 a los 66 a\u00f1os<\/strong>.<\/em><\/p>\n<p style=\"text-align: justify;\">La noticia la dio en Facebook la tambi\u00e9n cantante <strong>Tormenta<\/strong>, amiga del m\u00fasico, con quien sol\u00eda <strong>salir de gira<\/strong>.<\/p>\n<p style=\"text-align: justify;\">\u201cTengo una noticia <strong>muy<\/strong> <strong>triste<\/strong> para darles, <strong>se fue un amigo y colega muy querido para m\u00ed<\/strong>, voy a extra\u00f1ar sus canciones, sus an\u00e9cdotas, su voz ronca y \u00fanica, su compa\u00f1erismo. <strong>Manolo Galv\u00e1n se nos fue, nos queda su m\u00fasica y su recuerdo<\/strong>\u201c, escribi\u00f3 la int\u00e9rprete.<\/p>\n<p style=\"text-align: justify;\">Galv\u00e1n naci\u00f3 el<strong> 13 de marzo de 1947<\/strong> en <strong>Alicante<\/strong>, y comenz\u00f3 su carrera a los<strong> 15 a\u00f1os<\/strong> cuando se mud\u00f3 a Madrid y dej\u00f3 sus estudios para<strong> dedicarse a la m\u00fasica<\/strong>.<\/p>\n<p style=\"text-align: justify;\">Integr\u00f3 grupos como Sonors y Los Gritos, y <strong>en 1970 lanz\u00f3 su carrera como solista<\/strong>. Dos a\u00f1os despu\u00e9s lleg\u00f3 a la <strong>Argentina<\/strong>, donde se radic\u00f3 en <strong>1981<\/strong>.<\/p>\n<p style=\"text-align: justify;\">Entre sus \u00e9xitos figuran temas como \u201cLa vida sigue igual\u201d, <strong>\u201cTe quise te quiero y te querr\u00e9\u201d<\/strong>, \u201cPoema del alma\u201d, <strong>\u201cDeja de llorar\u201d<\/strong>, \u201cSuspiros de amante\u201d, entre otros.<\/p>\n<p style=\"text-align: justify;\">Con m\u00e1s de <strong>40 discos publicados<\/strong>, Galv\u00e1n se despidi\u00f3 de los escenarios en 2006.<\/p>\n<p><iframe loading=\"lazy\" src=\"http:\/\/www.youtube.com\/embed\/Pr3N9JbyNtE\" height=\"315\" width=\"420\" allowfullscreen=\"\" frameborder=\"0\"><\/iframe><\/p>\n","protected":false},"excerpt":{"rendered":"<p>El cantante espa\u00f1ol Manolo Galv\u00e1n, de reconocida trayectoria en nuestro pa\u00eds, falleci\u00f3 a los 66 a\u00f1os. La noticia la dio en Facebook la tambi\u00e9n cantante Tormenta, amiga del m\u00fasico, con quien sol\u00eda salir de gira. \u201cTengo una noticia muy triste para darles, se fue un amigo y colega muy querido para m\u00ed, voy a extra\u00f1ar&hellip;<\/p>\n","protected":false},"author":1,"featured_media":0,"comment_status":"open","ping_status":"open","sticky":false,"template":"","format":"standard","meta":{"footnotes":""},"categories":[15],"tags":[481,16153,16151,16152,1283],"class_list":["post-34794","post","type-post","status-publish","format-standard","hentry","category-espectaculos","tag-cantante","tag-discos","tag-manolo-galvan","tag-solista","tag-tormenta"],"_links":{"self":[{"href":"https:\/\/www.elsindical.com.ar\/notas\/wp-json\/wp\/v2\/posts\/34794","targetHints":{"allow":["GET"]}}],"collection":[{"href":"https:\/\/www.elsindical.com.ar\/notas\/wp-json\/wp\/v2\/posts"}],"about":[{"href":"https:\/\/www.elsindical.com.ar\/notas\/wp-json\/wp\/v2\/types\/post"}],"author":[{"embeddable":true,"href":"https:\/\/www.elsindical.com.ar\/notas\/wp-json\/wp\/v2\/users\/1"}],"replies":[{"embeddable":true,"href":"https:\/\/www.elsindical.com.ar\/notas\/wp-json\/wp\/v2\/comments?post=34794"}],"version-history":[{"count":1,"href":"https:\/\/www.elsindical.com.ar\/notas\/wp-json\/wp\/v2\/posts\/34794\/revisions"}],"predecessor-version":[{"id":34796,"href":"https:\/\/www.elsindical.com.ar\/notas\/wp-json\/wp\/v2\/posts\/34794\/revisions\/34796"}],"wp:attachment":[{"href":"https:\/\/www.elsindical.com.ar\/notas\/wp-json\/wp\/v2\/media?parent=34794"}],"wp:term":[{"taxonomy":"category","embeddable":true,"href":"https:\/\/www.elsindical.com.ar\/notas\/wp-json\/wp\/v2\/categories?post=34794"},{"taxonomy":"post_tag","embeddable":true,"href":"https:\/\/www.elsindical.com.ar\/notas\/wp-json\/wp\/v2\/tags?post=34794"}],"curies":[{"name":"wp","href":"https:\/\/api.w.org\/{rel}","templated":true}]}}