{"id":34777,"date":"2013-05-15T00:52:44","date_gmt":"2013-05-15T03:52:44","guid":{"rendered":"http:\/\/www.elsindical.com.ar\/notas\/?p=34777"},"modified":"2013-05-15T00:52:44","modified_gmt":"2013-05-15T03:52:44","slug":"chilecerraran-definitivamente-investigacion-por-la-muerte-de-allende","status":"publish","type":"post","link":"https:\/\/www.elsindical.com.ar\/notas\/chilecerraran-definitivamente-investigacion-por-la-muerte-de-allende\/","title":{"rendered":"Chile:Cerrar\u00e1n definitivamente investigaci\u00f3n por la muerte de Allende"},"content":{"rendered":"<p style=\"text-align: justify;\"><em><a href=\"http:\/\/www.elsindical.com.ar\/notas\/var\/www\/html\/notas\/wp-content\/uploads\/2010\/11\/Salvador-Allende.jpg\"><img loading=\"lazy\" decoding=\"async\" class=\"alignleft size-full wp-image-10577\" alt=\"Salvador-Allende\" src=\"http:\/\/www.elsindical.com.ar\/notas\/var\/www\/html\/notas\/wp-content\/uploads\/2010\/11\/Salvador-Allende.jpg\" width=\"207\" height=\"248\" \/><\/a>As\u00ed lo decidi\u00f3 la Justicia de Chile al ratificar el fallo que dictamin\u00f3 que el ex presidente de dicho pa\u00eds se suicid\u00f3.<\/em><\/p>\n<p style=\"text-align: justify;\">La Justicia chilena orden\u00f3 hoy el cierre definitivo de la investigaci\u00f3n de la causa de muerte del ex presidente Salvador Allende, el 11 de septiembre de 1973, el d\u00eda del golpe militar, <b>tras ratificar el fallo que dictamin\u00f3 que se suicid\u00f3<\/b>.<\/p>\n<p>La Cuarta Sala de la Corte de Apelaciones de Santiago <b>orden\u00f3 el cierre definitivo de la causa tras ratificar el fallo de sucidio<\/b> firmado por el juez\u00a0 Mario Carroza, seg\u00fan report\u00f3 la agencia de noticias Prensa Latina.<\/p>\n<p>Seg\u00fan el veredicto, Allende se quit\u00f3 la vida mientras el Palacio de La Moneda era bombardeado para evitar as\u00ed caer en manos de los militares amotinados al mando de Augusto Pinochet, luego de combatir y resistir el ataque, de acuerdo con diversos testimonios.<\/p>\n<p>A fines de abril \u00faltimo, los partidarios de Allende <b>rechazaron la posibilidad del cierre de la investigaci\u00f3n<\/b>, y anunciaron que llevar\u00e1n el caso a la Comunidad de Estados Latinoamericanos y Caribe\u00f1os y a otras instancias internacionales.<\/p>\n<p>\u00ab<b>El sobreseimiento es absolutamente improcedente. <\/b>Estamos presentando como nuevo antecedente, declaraciones de los tres panteoneros de Allende, efectuadas ante notario en 1990, que se\u00f1alan c\u00f3mo el rostro del Presidente no estaba m\u00e1s deformado que un muerto normal\u00bb, expres\u00f3 el abogado Roberto Avila.<\/p>\n<p>En conferencia de prensa junto a los dirigentes del movimiento Esteban Silva y Carlos Moya, el letrado sostuvo que <b>esos testimonios desmienten \u00abel embuste de la muerte con un fusil AK que nunca apareci\u00f3 en el proceso\u00bb.<\/b><\/p>\n<p>\u00abResulta absurdo sostener que <b>no hay acci\u00f3n de terceros en la muerte del doctor Allende<\/b>, cuando hay un palacio bombardeado e incendiado, y decenas de sus colaboradores asesinados\u00bb, subray\u00f3 Avila.<\/p>\n","protected":false},"excerpt":{"rendered":"<p>As\u00ed lo decidi\u00f3 la Justicia de Chile al ratificar el fallo que dictamin\u00f3 que el ex presidente de dicho pa\u00eds se suicid\u00f3. La Justicia chilena orden\u00f3 hoy el cierre definitivo de la investigaci\u00f3n de la causa de muerte del ex presidente Salvador Allende, el 11 de septiembre de 1973, el d\u00eda del golpe militar, tras&hellip;<\/p>\n","protected":false},"author":1,"featured_media":0,"comment_status":"open","ping_status":"open","sticky":false,"template":"","format":"standard","meta":{"footnotes":""},"categories":[18],"tags":[1200,22024,41,5763],"class_list":["post-34777","post","type-post","status-publish","format-standard","hentry","category-internacionales","tag-chile","tag-investigacion","tag-justicia","tag-salvador-allende"],"_links":{"self":[{"href":"https:\/\/www.elsindical.com.ar\/notas\/wp-json\/wp\/v2\/posts\/34777","targetHints":{"allow":["GET"]}}],"collection":[{"href":"https:\/\/www.elsindical.com.ar\/notas\/wp-json\/wp\/v2\/posts"}],"about":[{"href":"https:\/\/www.elsindical.com.ar\/notas\/wp-json\/wp\/v2\/types\/post"}],"author":[{"embeddable":true,"href":"https:\/\/www.elsindical.com.ar\/notas\/wp-json\/wp\/v2\/users\/1"}],"replies":[{"embeddable":true,"href":"https:\/\/www.elsindical.com.ar\/notas\/wp-json\/wp\/v2\/comments?post=34777"}],"version-history":[{"count":1,"href":"https:\/\/www.elsindical.com.ar\/notas\/wp-json\/wp\/v2\/posts\/34777\/revisions"}],"predecessor-version":[{"id":34778,"href":"https:\/\/www.elsindical.com.ar\/notas\/wp-json\/wp\/v2\/posts\/34777\/revisions\/34778"}],"wp:attachment":[{"href":"https:\/\/www.elsindical.com.ar\/notas\/wp-json\/wp\/v2\/media?parent=34777"}],"wp:term":[{"taxonomy":"category","embeddable":true,"href":"https:\/\/www.elsindical.com.ar\/notas\/wp-json\/wp\/v2\/categories?post=34777"},{"taxonomy":"post_tag","embeddable":true,"href":"https:\/\/www.elsindical.com.ar\/notas\/wp-json\/wp\/v2\/tags?post=34777"}],"curies":[{"name":"wp","href":"https:\/\/api.w.org\/{rel}","templated":true}]}}