{"id":34771,"date":"2013-05-15T00:20:43","date_gmt":"2013-05-15T03:20:43","guid":{"rendered":"http:\/\/www.elsindical.com.ar\/notas\/?p=34771"},"modified":"2013-05-15T00:20:43","modified_gmt":"2013-05-15T03:20:43","slug":"mendozadevolvieron-la-corona-robada-a-la-reina-nacional-de-la-vendimia","status":"publish","type":"post","link":"https:\/\/www.elsindical.com.ar\/notas\/mendozadevolvieron-la-corona-robada-a-la-reina-nacional-de-la-vendimia\/","title":{"rendered":"Mendoza:devolvieron la corona robada a la reina nacional de la Vendimia"},"content":{"rendered":"<p style=\"text-align: justify;\"><em><a href=\"http:\/\/www.elsindical.com.ar\/notas\/var\/www\/html\/notas\/wp-content\/uploads\/2013\/05\/corona-recuperada.jpg\"><img loading=\"lazy\" decoding=\"async\" class=\"alignleft size-medium wp-image-34772\" alt=\"corona-recuperada\" src=\"http:\/\/www.elsindical.com.ar\/notas\/var\/www\/html\/notas\/wp-content\/uploads\/2013\/05\/corona-recuperada-300x224.jpg\" width=\"300\" height=\"224\" srcset=\"https:\/\/www.elsindical.com.ar\/notas\/var\/www\/html\/notas\/wp-content\/uploads\/2013\/05\/corona-recuperada-300x224.jpg 300w, https:\/\/www.elsindical.com.ar\/notas\/var\/www\/html\/notas\/wp-content\/uploads\/2013\/05\/corona-recuperada-400x300.jpg 400w, https:\/\/www.elsindical.com.ar\/notas\/var\/www\/html\/notas\/wp-content\/uploads\/2013\/05\/corona-recuperada.jpg 502w\" sizes=\"auto, (max-width: 300px) 100vw, 300px\" \/><\/a>El ministro de Seguridad provincial confirm\u00f3 que la joya<strong>, valuada en unos 28 mil d\u00f3lares<\/strong>, fue recuperada por un <strong>reconocido abogado penalista.<\/strong> El letrado dijo que un cliente suyo se la entreg\u00f3 este martes por la noche.<\/em><\/p>\n<p style=\"text-align: justify;\">Sin poder abundar en precisiones por el secreto de sumario en la que se encuentra la investigaci\u00f3n, el ministro de Seguridad de Mendoza, Carlos Aranda, inform\u00f3 que la corona robada el domingo \u00faltimo fue devuelta a las autoridades provinciales.<\/p>\n<p style=\"text-align: justify;\">La noticia gener\u00f3 algarab\u00eda y gran sorpresa tanto para el gobierno provincial como para el due\u00f1o de la joyer\u00eda, puesto que ayer\u00a0a la ma\u00f1ana hab\u00edan convocado a un concurso p\u00fablico para dise\u00f1ar una nueva pieza que la reemplace, tras dar pr\u00e1cticamente por descartada la posibilidad de recuperar la corona.<\/p>\n<p style=\"text-align: justify;\">En conferencia de prensa, Aranda s\u00f3lo pudo informar que un conocido abogado penalista se comunic\u00f3 con el fiscal de Delitos Complejos, Daniel Carniello, para devolver la joya, publica el diario<em> Los Andes.<\/em><\/p>\n<p style=\"text-align: justify;\">Valuada en unos 28 mil d\u00f3lares, la corona que<strong> luce en perfecto estado <\/strong>hab\u00eda sido robada por uno de los clientes del letrado. Seg\u00fan dijo el abogado, el hombre se la dio para ser devuelta a sus propietarios.<\/p>\n<p style=\"text-align: justify;\">Por otro lado, Aranda asegur\u00f3 que la investigaci\u00f3n se mantiene firme ya que todav\u00eda siguen sin aparecer las otras piezas que fueron sustra\u00eddas por los boqueteros del local de la calle San Mart\u00edn, a\u00f1adi\u00f3 el matutino.<\/p>\n<p style=\"text-align: justify;\">El robo de la corona en el marco de un <strong>oneroso bot\u00edn<\/strong> se concret\u00f3 el \u00faltimo fin de semana de la joyer\u00eda Vendemmia, ubicada en las calles San Mart\u00edn y 9 de Julio, donde era exhibida.<\/p>\n<p style=\"text-align: justify;\">Aunque se estima que entraron al lugar varios delincuentes, en las c\u00e1maras de seguridad del local s\u00f3lo pudo verse uno solo, que ingres\u00f3 a las 22:30 del s\u00e1bado para llevarse la corona y a las 5 del domingo para apoderarse del resto del bot\u00edn.<\/p>\n<p style=\"text-align: justify;\">En declaraciones al diario <em>Los Andes,<\/em> Enzo Vendemmia, due\u00f1o de la joyer\u00eda, opin\u00f3 que \u00abse nota que ha sido un trabajo profesional, de alguien que ven\u00eda siguiendo desde hace tiempo los movimientos\u00bb.<\/p>\n","protected":false},"excerpt":{"rendered":"<p>El ministro de Seguridad provincial confirm\u00f3 que la joya, valuada en unos 28 mil d\u00f3lares, fue recuperada por un reconocido abogado penalista. El letrado dijo que un cliente suyo se la entreg\u00f3 este martes por la noche. Sin poder abundar en precisiones por el secreto de sumario en la que se encuentra la investigaci\u00f3n, el&hellip;<\/p>\n","protected":false},"author":1,"featured_media":0,"comment_status":"open","ping_status":"open","sticky":false,"template":"","format":"standard","meta":{"footnotes":""},"categories":[22],"tags":[2373,581,16137,571,30],"class_list":["post-34771","post","type-post","status-publish","format-standard","hentry","category-policiales","tag-corona","tag-delincuentes","tag-fiscal-daniel-caniello","tag-mendoza","tag-policia"],"_links":{"self":[{"href":"https:\/\/www.elsindical.com.ar\/notas\/wp-json\/wp\/v2\/posts\/34771","targetHints":{"allow":["GET"]}}],"collection":[{"href":"https:\/\/www.elsindical.com.ar\/notas\/wp-json\/wp\/v2\/posts"}],"about":[{"href":"https:\/\/www.elsindical.com.ar\/notas\/wp-json\/wp\/v2\/types\/post"}],"author":[{"embeddable":true,"href":"https:\/\/www.elsindical.com.ar\/notas\/wp-json\/wp\/v2\/users\/1"}],"replies":[{"embeddable":true,"href":"https:\/\/www.elsindical.com.ar\/notas\/wp-json\/wp\/v2\/comments?post=34771"}],"version-history":[{"count":2,"href":"https:\/\/www.elsindical.com.ar\/notas\/wp-json\/wp\/v2\/posts\/34771\/revisions"}],"predecessor-version":[{"id":34774,"href":"https:\/\/www.elsindical.com.ar\/notas\/wp-json\/wp\/v2\/posts\/34771\/revisions\/34774"}],"wp:attachment":[{"href":"https:\/\/www.elsindical.com.ar\/notas\/wp-json\/wp\/v2\/media?parent=34771"}],"wp:term":[{"taxonomy":"category","embeddable":true,"href":"https:\/\/www.elsindical.com.ar\/notas\/wp-json\/wp\/v2\/categories?post=34771"},{"taxonomy":"post_tag","embeddable":true,"href":"https:\/\/www.elsindical.com.ar\/notas\/wp-json\/wp\/v2\/tags?post=34771"}],"curies":[{"name":"wp","href":"https:\/\/api.w.org\/{rel}","templated":true}]}}