{"id":34717,"date":"2013-05-12T21:21:29","date_gmt":"2013-05-13T00:21:29","guid":{"rendered":"http:\/\/www.elsindical.com.ar\/notas\/?p=34717"},"modified":"2013-05-12T21:26:28","modified_gmt":"2013-05-13T00:26:28","slug":"avellanedavecinos-en-peligro-por-poste-quebrado","status":"publish","type":"post","link":"https:\/\/www.elsindical.com.ar\/notas\/avellanedavecinos-en-peligro-por-poste-quebrado\/","title":{"rendered":"Avellaneda:Vecinos en peligro por poste quebrado"},"content":{"rendered":"<p style=\"text-align: justify;\">\u00a0\u00a0<a href=\"http:\/\/www.elsindical.com.ar\/notas\/var\/www\/html\/notas\/wp-content\/uploads\/2013\/05\/poste-ca\u00eddo-Gerli.jpg\"><img loading=\"lazy\" decoding=\"async\" class=\"alignleft size-medium wp-image-34718\" alt=\"poste-ca\u00eddo-Gerli\" src=\"http:\/\/www.elsindical.com.ar\/notas\/var\/www\/html\/notas\/wp-content\/uploads\/2013\/05\/poste-ca\u00eddo-Gerli-300x209.jpg\" width=\"363\" height=\"272\" \/><\/a><em>Vecinos de la localidad de Gerli, partido de Avellaneda, denuncian que no son tenidos en cuenta por la municipalidad, que viven aterrados por la presencia de un poste de luz que pende de los cables a\u00e9reos el\u00e9ctricos, constituyendo un peligro constante para quienes pasan y transitan con sus veh\u00edculos.<\/em><\/p>\n<p style=\"text-align: justify;\">Denuncian que personal de Defensa Civil del municipio, a cargo de la Dra. Lili\u00e1n Fern\u00e1ndez, Secretaria de Seguridad a cargo de la Direcci\u00f3n de Defensa Civil, a quien le haremos llegar la presente nota, para que se entere que existe un poste que constituye un peligro para la salud de los vecinos y del que nadie se ocupa en retirar.<\/p>\n<p style=\"text-align: justify;\">Vecinos del barrio de Gerli,\u00a0se pusieron en contacto con el Editor General de El Sindical, para denunciar que un poste de luz de grandes dimensiones, se encuentra ca\u00eddo sobre los cables a\u00e9reos de la intersecci\u00f3n de las calles G\u00fcemes y Caxaraville, el cual presenta su base quebrada. A simple vista se observa que el mismo est\u00e1 pendiendo sobre la calle G\u00fcemes, una de las m\u00e1s transitadas del lugar, la misma que pasa frente al Alto Avellaneda.<\/p>\n<p style=\"text-align: justify;\">Ahora las autoridades no podr\u00e1n decir que no sab\u00edan de la existencia de este poste, y ser\u00e1n los responsables, dicen los vecinos que Defensa Civil pas\u00f3 un par de veces, pero todo sigue igual.<\/p>\n<p><iframe loading=\"lazy\" src=\"http:\/\/www.youtube.com\/embed\/Cqc3ESPiBUQ\" height=\"315\" width=\"560\" allowfullscreen=\"\" frameborder=\"0\"><\/iframe><\/p>\n","protected":false},"excerpt":{"rendered":"<p>\u00a0\u00a0Vecinos de la localidad de Gerli, partido de Avellaneda, denuncian que no son tenidos en cuenta por la municipalidad, que viven aterrados por la presencia de un poste de luz que pende de los cables a\u00e9reos el\u00e9ctricos, constituyendo un peligro constante para quienes pasan y transitan con sus veh\u00edculos. Denuncian que personal de Defensa Civil&hellip;<\/p>\n","protected":false},"author":1,"featured_media":0,"comment_status":"open","ping_status":"open","sticky":false,"template":"","format":"standard","meta":{"footnotes":""},"categories":[6],"tags":[461,14884,3251,1662,1448,16119,986],"class_list":["post-34717","post","type-post","status-publish","format-standard","hentry","category-denuncias","tag-avellaneda","tag-defensa-civil","tag-el-sindical","tag-gerli","tag-marcelo-ricardo-hawrylciw","tag-poste","tag-vecinos"],"_links":{"self":[{"href":"https:\/\/www.elsindical.com.ar\/notas\/wp-json\/wp\/v2\/posts\/34717","targetHints":{"allow":["GET"]}}],"collection":[{"href":"https:\/\/www.elsindical.com.ar\/notas\/wp-json\/wp\/v2\/posts"}],"about":[{"href":"https:\/\/www.elsindical.com.ar\/notas\/wp-json\/wp\/v2\/types\/post"}],"author":[{"embeddable":true,"href":"https:\/\/www.elsindical.com.ar\/notas\/wp-json\/wp\/v2\/users\/1"}],"replies":[{"embeddable":true,"href":"https:\/\/www.elsindical.com.ar\/notas\/wp-json\/wp\/v2\/comments?post=34717"}],"version-history":[{"count":3,"href":"https:\/\/www.elsindical.com.ar\/notas\/wp-json\/wp\/v2\/posts\/34717\/revisions"}],"predecessor-version":[{"id":34720,"href":"https:\/\/www.elsindical.com.ar\/notas\/wp-json\/wp\/v2\/posts\/34717\/revisions\/34720"}],"wp:attachment":[{"href":"https:\/\/www.elsindical.com.ar\/notas\/wp-json\/wp\/v2\/media?parent=34717"}],"wp:term":[{"taxonomy":"category","embeddable":true,"href":"https:\/\/www.elsindical.com.ar\/notas\/wp-json\/wp\/v2\/categories?post=34717"},{"taxonomy":"post_tag","embeddable":true,"href":"https:\/\/www.elsindical.com.ar\/notas\/wp-json\/wp\/v2\/tags?post=34717"}],"curies":[{"name":"wp","href":"https:\/\/api.w.org\/{rel}","templated":true}]}}