{"id":34643,"date":"2013-05-09T22:39:27","date_gmt":"2013-05-10T01:39:27","guid":{"rendered":"http:\/\/www.elsindical.com.ar\/notas\/?p=34643"},"modified":"2013-05-09T22:39:27","modified_gmt":"2013-05-10T01:39:27","slug":"zaratetaller-sobre-violencia-institucional-en-la-prefectura-naval-argentina","status":"publish","type":"post","link":"https:\/\/www.elsindical.com.ar\/notas\/zaratetaller-sobre-violencia-institucional-en-la-prefectura-naval-argentina\/","title":{"rendered":"Zarate:Taller sobre violencia institucional en la Prefectura Naval Argentina"},"content":{"rendered":"<p style=\"text-align: justify;\"><em><a href=\"http:\/\/www.elsindical.com.ar\/notas\/var\/www\/html\/notas\/wp-content\/uploads\/2013\/05\/taller-sobre-violencia-institucional-en-Prefectura.jpg\"><img loading=\"lazy\" decoding=\"async\" class=\"alignleft size-medium wp-image-34644\" alt=\"taller-sobre-violencia-institucional-en-Prefectura\" src=\"http:\/\/www.elsindical.com.ar\/notas\/var\/www\/html\/notas\/wp-content\/uploads\/2013\/05\/taller-sobre-violencia-institucional-en-Prefectura-300x202.jpg\" width=\"345\" height=\"253\" \/><\/a>El Ministerio de Seguridad complet\u00f3 hoy el primer taller de reflexi\u00f3n contra la violencia institucional para cursantes de las cuatro fuerzas policiales y de seguridad federales, en el \u00a0Instituto de Formaci\u00f3n de la Prefectura Naval Argentina en la localidad bonaerense de Z\u00e1rate.<\/em><\/p>\n<div style=\"text-align: justify;\">El objetivo de los talleres es sensibilizar a los cursantes de los diferentes niveles de formaci\u00f3n y capacitaci\u00f3n sobre la responsabilidad que les incumbe como funcionarios encargados de hacer cumplir la ley, en desempe\u00f1ar sus funciones con eficacia, profesionalismo y garantizar la vida e integridad f\u00edsica de todos sus conciudadanos.<\/div>\n<div style=\"text-align: justify;\"><\/div>\n<div style=\"text-align: justify;\">El resto de los 320 talleres previstos para 3000 alumnos se desarrollar\u00e1n hasta el fin de la semana pr\u00f3xima.<\/div>\n<div style=\"text-align: justify;\"><\/div>\n<div style=\"text-align: justify;\">La modalidad de intervenci\u00f3n est\u00e1 centrada en el an\u00e1lisis de casos concretos del estilo \u201cgatillo f\u00e1cil\u201d que son analizados por los cursante a la luz de las leyes, nuevos protocolos de actuaci\u00f3n en materia de uso racional de la fuerza y los reglamentos policiales derivados.<\/div>\n<div style=\"text-align: justify;\"><\/div>\n<div style=\"text-align: justify;\">La jornada de hoy estuvo presidida por la secretaria de Cooperaci\u00f3n con los Poderes Judiciales, Ministerios P\u00fablicos y Legislaturas de la cartera de Seguridad, Cristina Caama\u00f1o y el diputado nacional Leonardo Grosso.<\/div>\n<div style=\"text-align: justify;\"><\/div>\n<div style=\"text-align: justify;\">\u201cEl control pol\u00edtico de las Fuerzas de Seguridad es una prioridad para el ministerio que conduce Nilda Garr\u00e9. En marzo del 2011 lanzamos el protocolo de actuaci\u00f3n de las fuerzas de seguridad y policiales en manifestaciones p\u00fablicas, son criterios que apuntan a erradicar la violencia, garantizando el respeto y la protecci\u00f3n de los derechos de los participantes\u201d, expuso .<\/div>\n<div style=\"text-align: justify;\"><\/div>\n<div style=\"text-align: justify;\">Caama\u00f1o se refiri\u00f3 a la creaci\u00f3n en noviembre del 2012 del Programa de uso racional de la fuerza y las armas de fuego, un plan integral que incluye reentrenamiento en tiro, defensa personal, artes marciales y mediaci\u00f3n, para la \u201cprofesionalizaci\u00f3n y modernizaci\u00f3n de los Cuerpos Policiales y Fuerzas de Seguridad.<\/div>\n<div style=\"text-align: justify;\"><\/div>\n<div style=\"text-align: justify;\">El diputado nacional Leonardo Grosso que \u201ces importante establecer v\u00ednculos de debate y reflexi\u00f3n sobre la violencia Institucional, que es un problema que atraviesa a todas las agencias de la sociedad. Hay que revertir el desprestigio de la Instituci\u00f3n policial, el alejamiento que hay con las Fuerzas de Seguridad. Tenemos que reconstruir el v\u00ednculo de los j\u00f3venes con las Fuerzas, es una gran oportunidad hist\u00f3rica, tenemos que hacer un esfuerzo, la posibilidad de una Argentina distinta\u201d.<\/div>\n<p style=\"text-align: justify;\">El panel de expositores estuvo conformado por el Prefecto Nacional Naval, Luis Alberto Heiler y la directora Nacional de Derechos Humanos, Natalia Federman.<\/p>\n","protected":false},"excerpt":{"rendered":"<p>El Ministerio de Seguridad complet\u00f3 hoy el primer taller de reflexi\u00f3n contra la violencia institucional para cursantes de las cuatro fuerzas policiales y de seguridad federales, en el \u00a0Instituto de Formaci\u00f3n de la Prefectura Naval Argentina en la localidad bonaerense de Z\u00e1rate. El objetivo de los talleres es sensibilizar a los cursantes de los diferentes&hellip;<\/p>\n","protected":false},"author":1,"featured_media":0,"comment_status":"open","ping_status":"open","sticky":false,"template":"","format":"standard","meta":{"footnotes":""},"categories":[3],"tags":[5227,4345,5366,2281,1526,2701,16037],"class_list":["post-34643","post","type-post","status-publish","format-standard","hentry","category-capacitacion","tag-cristina-caamano","tag-gatillo-facil","tag-nilda-garre","tag-poder-judicial","tag-prefectura-naval-argentina","tag-taller","tag-violencia-institucional"],"_links":{"self":[{"href":"https:\/\/www.elsindical.com.ar\/notas\/wp-json\/wp\/v2\/posts\/34643","targetHints":{"allow":["GET"]}}],"collection":[{"href":"https:\/\/www.elsindical.com.ar\/notas\/wp-json\/wp\/v2\/posts"}],"about":[{"href":"https:\/\/www.elsindical.com.ar\/notas\/wp-json\/wp\/v2\/types\/post"}],"author":[{"embeddable":true,"href":"https:\/\/www.elsindical.com.ar\/notas\/wp-json\/wp\/v2\/users\/1"}],"replies":[{"embeddable":true,"href":"https:\/\/www.elsindical.com.ar\/notas\/wp-json\/wp\/v2\/comments?post=34643"}],"version-history":[{"count":1,"href":"https:\/\/www.elsindical.com.ar\/notas\/wp-json\/wp\/v2\/posts\/34643\/revisions"}],"predecessor-version":[{"id":34645,"href":"https:\/\/www.elsindical.com.ar\/notas\/wp-json\/wp\/v2\/posts\/34643\/revisions\/34645"}],"wp:attachment":[{"href":"https:\/\/www.elsindical.com.ar\/notas\/wp-json\/wp\/v2\/media?parent=34643"}],"wp:term":[{"taxonomy":"category","embeddable":true,"href":"https:\/\/www.elsindical.com.ar\/notas\/wp-json\/wp\/v2\/categories?post=34643"},{"taxonomy":"post_tag","embeddable":true,"href":"https:\/\/www.elsindical.com.ar\/notas\/wp-json\/wp\/v2\/tags?post=34643"}],"curies":[{"name":"wp","href":"https:\/\/api.w.org\/{rel}","templated":true}]}}