{"id":34632,"date":"2013-05-09T14:53:23","date_gmt":"2013-05-09T17:53:23","guid":{"rendered":"http:\/\/www.elsindical.com.ar\/notas\/?p=34632"},"modified":"2013-05-09T14:53:23","modified_gmt":"2013-05-09T17:53:23","slug":"neuquenbanda-de-jovenes-armados-que-amenaza-a-otra-y-a-la-policia","status":"publish","type":"post","link":"https:\/\/www.elsindical.com.ar\/notas\/neuquenbanda-de-jovenes-armados-que-amenaza-a-otra-y-a-la-policia\/","title":{"rendered":"Neuqu\u00e9n:Banda de j\u00f3venes armados que amenaza a otra y a la polic\u00eda"},"content":{"rendered":"<p style=\"text-align: justify;\"><em><a href=\"http:\/\/www.elsindical.com.ar\/notas\/var\/www\/html\/notas\/wp-content\/uploads\/2013\/05\/bandas-delincuentes-menores-Neuqu\u00e9n.jpg\"><img loading=\"lazy\" decoding=\"async\" class=\"alignleft size-medium wp-image-34633\" alt=\"bandas-delincuentes-menores-Neuqu\u00e9n\" src=\"http:\/\/www.elsindical.com.ar\/notas\/var\/www\/html\/notas\/wp-content\/uploads\/2013\/05\/bandas-delincuentes-menores-Neuqu\u00e9n-300x216.jpg\" width=\"300\" height=\"216\" srcset=\"https:\/\/www.elsindical.com.ar\/notas\/var\/www\/html\/notas\/wp-content\/uploads\/2013\/05\/bandas-delincuentes-menores-Neuqu\u00e9n-300x216.jpg 300w, https:\/\/www.elsindical.com.ar\/notas\/var\/www\/html\/notas\/wp-content\/uploads\/2013\/05\/bandas-delincuentes-menores-Neuqu\u00e9n-414x300.jpg 414w, https:\/\/www.elsindical.com.ar\/notas\/var\/www\/html\/notas\/wp-content\/uploads\/2013\/05\/bandas-delincuentes-menores-Neuqu\u00e9n.jpg 531w\" sizes=\"auto, (max-width: 300px) 100vw, 300px\" \/><\/a>\u00a0Un canal de Neuqu\u00e9n difundi\u00f3 las im\u00e1genes de un grupo de <strong>adolescentes<\/strong> que exhiben <strong>armas de grueso<\/strong> calibre e insultan<strong> a la polic\u00eda<\/strong> y otros delincuentes. La Justicia investiga el caso.\u00a0<\/em><\/p>\n<div style=\"text-align: justify;\">\n<p>La Justicia neuquina investiga de oficio la aparici\u00f3n\u00a0 de un video casero en el que se observa a una banda de <strong>adolescentes fuertemente armados<\/strong> que amenazan a un supuesto grupo delictivo antag\u00f3nico de la zona oeste de la capital provincial.<\/p>\n<p>Las im\u00e1genes se dieron a conocer ayer en el noticiero local <em>Somos El Valle<\/em>, que las emiti\u00f3 durante su programaci\u00f3n. En el video se muestra a un grupo de <strong>entre 15 y 20 a\u00f1os,<\/strong> encapuchados y portando armas de grueso calibre. Tambi\u00e9n insultan a la Polic\u00eda y dicen formar su propia banda.<\/p>\n<p>Seg\u00fan inform\u00f3 el diario <em>La Ma\u00f1ana<\/em> de Neuqu\u00e9n, sospechan que la filmaci\u00f3n fue realizada con un celular fuera de la casa de<strong> un chico ya conocido por la Justicia de menores.<\/strong><\/p>\n<p>Desde El Sindical, adelantamos en exclusiva la grave situaci\u00f3n de inseguridad\u00a0y delitos que vienen en aumento en la provincia de Neuqu\u00e9n, donde algunas de nuestras fuentes locales, nos aseguraban que con el aumento de los j\u00f3venes de alcohol y drogas, todo se ha agravado, la polic\u00eda adem\u00e1s de no poder controlar la situaci\u00f3n se encuentra como en otras provincias, sospechada de corrupci\u00f3n.<\/p>\n<\/div>\n<p><iframe loading=\"lazy\" src=\"http:\/\/www.youtube.com\/embed\/S_e098uIZek\" height=\"315\" width=\"420\" allowfullscreen=\"\" frameborder=\"0\"><\/iframe><\/p>\n","protected":false},"excerpt":{"rendered":"<p>\u00a0Un canal de Neuqu\u00e9n difundi\u00f3 las im\u00e1genes de un grupo de adolescentes que exhiben armas de grueso calibre e insultan a la polic\u00eda y otros delincuentes. La Justicia investiga el caso.\u00a0 La Justicia neuquina investiga de oficio la aparici\u00f3n\u00a0 de un video casero en el que se observa a una banda de adolescentes fuertemente armados&hellip;<\/p>\n","protected":false},"author":1,"featured_media":0,"comment_status":"open","ping_status":"open","sticky":false,"template":"","format":"standard","meta":{"footnotes":""},"categories":[22],"tags":[331,424,1599,892,252,1326,30,3605],"class_list":["post-34632","post","type-post","status-publish","format-standard","hentry","category-policiales","tag-amenazas","tag-armas","tag-bandas","tag-delitos","tag-menores","tag-neuquen","tag-policia","tag-videos"],"_links":{"self":[{"href":"https:\/\/www.elsindical.com.ar\/notas\/wp-json\/wp\/v2\/posts\/34632","targetHints":{"allow":["GET"]}}],"collection":[{"href":"https:\/\/www.elsindical.com.ar\/notas\/wp-json\/wp\/v2\/posts"}],"about":[{"href":"https:\/\/www.elsindical.com.ar\/notas\/wp-json\/wp\/v2\/types\/post"}],"author":[{"embeddable":true,"href":"https:\/\/www.elsindical.com.ar\/notas\/wp-json\/wp\/v2\/users\/1"}],"replies":[{"embeddable":true,"href":"https:\/\/www.elsindical.com.ar\/notas\/wp-json\/wp\/v2\/comments?post=34632"}],"version-history":[{"count":1,"href":"https:\/\/www.elsindical.com.ar\/notas\/wp-json\/wp\/v2\/posts\/34632\/revisions"}],"predecessor-version":[{"id":34634,"href":"https:\/\/www.elsindical.com.ar\/notas\/wp-json\/wp\/v2\/posts\/34632\/revisions\/34634"}],"wp:attachment":[{"href":"https:\/\/www.elsindical.com.ar\/notas\/wp-json\/wp\/v2\/media?parent=34632"}],"wp:term":[{"taxonomy":"category","embeddable":true,"href":"https:\/\/www.elsindical.com.ar\/notas\/wp-json\/wp\/v2\/categories?post=34632"},{"taxonomy":"post_tag","embeddable":true,"href":"https:\/\/www.elsindical.com.ar\/notas\/wp-json\/wp\/v2\/tags?post=34632"}],"curies":[{"name":"wp","href":"https:\/\/api.w.org\/{rel}","templated":true}]}}