{"id":34606,"date":"2013-05-09T01:09:28","date_gmt":"2013-05-09T04:09:28","guid":{"rendered":"http:\/\/www.elsindical.com.ar\/notas\/?p=34606"},"modified":"2013-05-09T01:09:28","modified_gmt":"2013-05-09T04:09:28","slug":"avellanedainauguraron-un-coloso-descamisado-de-15-metros","status":"publish","type":"post","link":"https:\/\/www.elsindical.com.ar\/notas\/avellanedainauguraron-un-coloso-descamisado-de-15-metros\/","title":{"rendered":"Avellaneda:Inauguraron un coloso descamisado de 15 metros"},"content":{"rendered":"<p style=\"text-align: justify;\"><em><a href=\"http:\/\/www.elsindical.com.ar\/notas\/var\/www\/html\/notas\/wp-content\/uploads\/2013\/05\/coloso-de-Avellaneda.jpg\"><img loading=\"lazy\" decoding=\"async\" class=\"alignleft size-medium wp-image-34607\" alt=\"coloso-de-Avellaneda\" src=\"http:\/\/www.elsindical.com.ar\/notas\/var\/www\/html\/notas\/wp-content\/uploads\/2013\/05\/coloso-de-Avellaneda-300x206.jpg\" width=\"300\" height=\"206\" srcset=\"https:\/\/www.elsindical.com.ar\/notas\/var\/www\/html\/notas\/wp-content\/uploads\/2013\/05\/coloso-de-Avellaneda-300x206.jpg 300w, https:\/\/www.elsindical.com.ar\/notas\/var\/www\/html\/notas\/wp-content\/uploads\/2013\/05\/coloso-de-Avellaneda-436x300.jpg 436w, https:\/\/www.elsindical.com.ar\/notas\/var\/www\/html\/notas\/wp-content\/uploads\/2013\/05\/coloso-de-Avellaneda.jpg 531w\" sizes=\"auto, (max-width: 300px) 100vw, 300px\" \/><\/a>Al \u00abColoso\u00bb de Puente Pueyrred\u00f3n lo acompa\u00f1ar\u00e1n N\u00e9stor y Per\u00f3n.<\/em><\/p>\n<p style=\"text-align: justify;\">El jefe de Gabinete <strong>Juan Manuel Abal<\/strong> <strong>Medina<\/strong>, junto al intendente Jorge Ferraresi y el diputado Juli\u00e1n Dominguez, inaugur\u00f3 el martes el \u00abColoso de Avellaneda\u00bb, un monumento posado en Puente Pueyrred\u00f3n en homenaje a \u00ablos descamisados del siglo XXI\u00bb.<\/p>\n<p style=\"text-align: justify;\">La obra de los artistas Alejandro Marmo y Daniel Santoro es un <strong>descamisado de 15 metros de altura<\/strong> con un cuadro de Evita bajo el brazo, cruzando el Riachuelo.\u00a0El \u00abColoso\u00bb simula estar cruzando el r\u00edo, en conmemoraci\u00f3n a aquellos trabajadores que en 1945 salieron de sus lugares de trabajo rumbo a Plaza de Mayo para pedir por la liberaci\u00f3n de Juan Domingo Per\u00f3n, afirmaron las autoridades.<\/p>\n<p style=\"text-align: justify;\">La inauguraci\u00f3n se dio adem\u00e1s en el marco del 94\u00ba aniversario del nacimiento de <strong>\u00abla abanderada de los humildes\u00bb<\/strong>, Eva Duarte de Per\u00f3n.\u00a0\u00abEl Coloso representa <strong>al peronismo, que siempre est\u00e1 por cruzar el Riachuelo<\/strong>. Y carga con el cuadro de Evita porque quiere devolver a la hija que naci\u00f3 en Los Toldos: el descamisado trae consigo al mestizaje\u00bb, explic\u00f3 Santoro.<\/p>\n<p style=\"text-align: justify;\">Por su parte, el jefe comunal sostuvo que \u00abcon esta obra quisimos mostrar nuestra historia y la de los militantes de aquella \u00e9poca\u00bb. Ferraresi agreg\u00f3 que \u00abvamos a cruzar el Riachuelo todas las veces que sean necesarias\u00bb.<\/p>\n<p style=\"text-align: justify;\">El intendente, adem\u00e1s, anunci\u00f3 que \u00abel proyecto Coloso\u00bb estar\u00e1 completo cuando se levanten dos esculturas m\u00e1s: <strong>una de N\u00e9stor Kirchner y otra de Juan Domingo Per\u00f3n.<\/strong><\/p>\n<p style=\"text-align: justify;\"><strong>Abal Medina<\/strong> tambi\u00e9n hizo uso de la palabra frente a centenares de militantes y remarc\u00f3 que \u00abAvellaneda ten\u00eda f\u00e1bricas cerradas, miles de desempleados y exclusi\u00f3n. <strong>Hoy estamos viendo el renacer de esta ciudad<\/strong>, con trabajo e inclusi\u00f3n\u00bb.<\/p>\n","protected":false},"excerpt":{"rendered":"<p>Al \u00abColoso\u00bb de Puente Pueyrred\u00f3n lo acompa\u00f1ar\u00e1n N\u00e9stor y Per\u00f3n. El jefe de Gabinete Juan Manuel Abal Medina, junto al intendente Jorge Ferraresi y el diputado Juli\u00e1n Dominguez, inaugur\u00f3 el martes el \u00abColoso de Avellaneda\u00bb, un monumento posado en Puente Pueyrred\u00f3n en homenaje a \u00ablos descamisados del siglo XXI\u00bb. La obra de los artistas Alejandro&hellip;<\/p>\n","protected":false},"author":1,"featured_media":0,"comment_status":"open","ping_status":"open","sticky":false,"template":"","format":"standard","meta":{"footnotes":""},"categories":[13],"tags":[461,16070,16071],"class_list":["post-34606","post","type-post","status-publish","format-standard","hentry","category-politica","tag-avellaneda","tag-coloso","tag-descamisado"],"_links":{"self":[{"href":"https:\/\/www.elsindical.com.ar\/notas\/wp-json\/wp\/v2\/posts\/34606","targetHints":{"allow":["GET"]}}],"collection":[{"href":"https:\/\/www.elsindical.com.ar\/notas\/wp-json\/wp\/v2\/posts"}],"about":[{"href":"https:\/\/www.elsindical.com.ar\/notas\/wp-json\/wp\/v2\/types\/post"}],"author":[{"embeddable":true,"href":"https:\/\/www.elsindical.com.ar\/notas\/wp-json\/wp\/v2\/users\/1"}],"replies":[{"embeddable":true,"href":"https:\/\/www.elsindical.com.ar\/notas\/wp-json\/wp\/v2\/comments?post=34606"}],"version-history":[{"count":1,"href":"https:\/\/www.elsindical.com.ar\/notas\/wp-json\/wp\/v2\/posts\/34606\/revisions"}],"predecessor-version":[{"id":34608,"href":"https:\/\/www.elsindical.com.ar\/notas\/wp-json\/wp\/v2\/posts\/34606\/revisions\/34608"}],"wp:attachment":[{"href":"https:\/\/www.elsindical.com.ar\/notas\/wp-json\/wp\/v2\/media?parent=34606"}],"wp:term":[{"taxonomy":"category","embeddable":true,"href":"https:\/\/www.elsindical.com.ar\/notas\/wp-json\/wp\/v2\/categories?post=34606"},{"taxonomy":"post_tag","embeddable":true,"href":"https:\/\/www.elsindical.com.ar\/notas\/wp-json\/wp\/v2\/tags?post=34606"}],"curies":[{"name":"wp","href":"https:\/\/api.w.org\/{rel}","templated":true}]}}