{"id":34585,"date":"2013-05-08T10:11:00","date_gmt":"2013-05-08T13:11:00","guid":{"rendered":"http:\/\/www.elsindical.com.ar\/notas\/?p=34585"},"modified":"2013-05-08T10:11:00","modified_gmt":"2013-05-08T13:11:00","slug":"murio-el-reconocido-conductor-julio-marbiz","status":"publish","type":"post","link":"https:\/\/www.elsindical.com.ar\/notas\/murio-el-reconocido-conductor-julio-marbiz\/","title":{"rendered":"Muri\u00f3 el reconocido conductor Julio M\u00e1rbiz"},"content":{"rendered":"<p style=\"text-align: justify;\"><em><a href=\"http:\/\/www.elsindical.com.ar\/notas\/var\/www\/html\/notas\/wp-content\/uploads\/2013\/05\/Julio-M\u00e1rbiz.jpg\"><img loading=\"lazy\" decoding=\"async\" class=\"alignleft size-medium wp-image-34586\" alt=\"Julio-M\u00e1rbiz\" src=\"http:\/\/www.elsindical.com.ar\/notas\/var\/www\/html\/notas\/wp-content\/uploads\/2013\/05\/Julio-M\u00e1rbiz-300x225.jpg\" width=\"300\" height=\"225\" srcset=\"https:\/\/www.elsindical.com.ar\/notas\/var\/www\/html\/notas\/wp-content\/uploads\/2013\/05\/Julio-M\u00e1rbiz-300x225.jpg 300w, https:\/\/www.elsindical.com.ar\/notas\/var\/www\/html\/notas\/wp-content\/uploads\/2013\/05\/Julio-M\u00e1rbiz-399x300.jpg 399w, https:\/\/www.elsindical.com.ar\/notas\/var\/www\/html\/notas\/wp-content\/uploads\/2013\/05\/Julio-M\u00e1rbiz.jpg 502w\" sizes=\"auto, (max-width: 300px) 100vw, 300px\" \/><\/a>Ten\u00eda 77 a\u00f1os y padec\u00eda c\u00e1ncer de colon.<\/em><\/p>\n<p style=\"text-align: justify;\"><strong>Julio M\u00e1rbiz<\/strong> estuvo al frente de los festivales de Cosqu\u00edn por m\u00e1s 40 a\u00f1os y es reconocido en el ambiente art\u00edstico como un gran productor, empresario y presentador.<\/p>\n<p style=\"text-align: justify;\">En las \u00faltimas horas falleci\u00f3 a sus 77 a\u00f1os\u00a0<strong>a causa del c\u00e1ncer de colon que padec\u00eda<\/strong> y sus familiares lo despiden con profundo dolor.<\/p>\n<p style=\"text-align: justify;\">Naci\u00f3 y vivi\u00f3 en la provincia de C\u00f3rdoba y en 1951 se radic\u00f3 en Buenos Aires para encontrar trabajo en el medio radial. Inici\u00f3 su carrera en cines y teatros como presentador y recitador de poemas criollos, participando en <em>Radio Porte\u00f1a<\/em> desde 1956.<\/p>\n<p style=\"text-align: justify;\">En 1958 debut\u00f3 en <em>Radio Belgrano<\/em>, una de las m\u00e1s importantes de la \u00e9poca, para conducir <em>Aqu\u00ed est\u00e1 el folklore<\/em> y <em>Calefones Universal<\/em>.<\/p>\n<p style=\"text-align: justify;\">Julio tambi\u00e9n condujo <em>Argentin\u00edsima<\/em> en el a\u00f1o 1968 por <em>Radio El Mundo<\/em>, que fue llevado al cine en dos oportunidades.<\/p>\n","protected":false},"excerpt":{"rendered":"<p>Ten\u00eda 77 a\u00f1os y padec\u00eda c\u00e1ncer de colon. Julio M\u00e1rbiz estuvo al frente de los festivales de Cosqu\u00edn por m\u00e1s 40 a\u00f1os y es reconocido en el ambiente art\u00edstico como un gran productor, empresario y presentador. En las \u00faltimas horas falleci\u00f3 a sus 77 a\u00f1os\u00a0a causa del c\u00e1ncer de colon que padec\u00eda y sus familiares&hellip;<\/p>\n","protected":false},"author":1,"featured_media":0,"comment_status":"open","ping_status":"open","sticky":false,"template":"","format":"standard","meta":{"footnotes":""},"categories":[15],"tags":[1809,1637,2065,16062,16063],"class_list":["post-34585","post","type-post","status-publish","format-standard","hentry","category-espectaculos","tag-conductor","tag-cosquin","tag-festival","tag-julio-marbiz","tag-radio-el-mundo"],"_links":{"self":[{"href":"https:\/\/www.elsindical.com.ar\/notas\/wp-json\/wp\/v2\/posts\/34585","targetHints":{"allow":["GET"]}}],"collection":[{"href":"https:\/\/www.elsindical.com.ar\/notas\/wp-json\/wp\/v2\/posts"}],"about":[{"href":"https:\/\/www.elsindical.com.ar\/notas\/wp-json\/wp\/v2\/types\/post"}],"author":[{"embeddable":true,"href":"https:\/\/www.elsindical.com.ar\/notas\/wp-json\/wp\/v2\/users\/1"}],"replies":[{"embeddable":true,"href":"https:\/\/www.elsindical.com.ar\/notas\/wp-json\/wp\/v2\/comments?post=34585"}],"version-history":[{"count":1,"href":"https:\/\/www.elsindical.com.ar\/notas\/wp-json\/wp\/v2\/posts\/34585\/revisions"}],"predecessor-version":[{"id":34587,"href":"https:\/\/www.elsindical.com.ar\/notas\/wp-json\/wp\/v2\/posts\/34585\/revisions\/34587"}],"wp:attachment":[{"href":"https:\/\/www.elsindical.com.ar\/notas\/wp-json\/wp\/v2\/media?parent=34585"}],"wp:term":[{"taxonomy":"category","embeddable":true,"href":"https:\/\/www.elsindical.com.ar\/notas\/wp-json\/wp\/v2\/categories?post=34585"},{"taxonomy":"post_tag","embeddable":true,"href":"https:\/\/www.elsindical.com.ar\/notas\/wp-json\/wp\/v2\/tags?post=34585"}],"curies":[{"name":"wp","href":"https:\/\/api.w.org\/{rel}","templated":true}]}}