{"id":34540,"date":"2013-05-07T01:01:40","date_gmt":"2013-05-07T04:01:40","guid":{"rendered":"http:\/\/www.elsindical.com.ar\/notas\/?p=34540"},"modified":"2013-05-07T01:01:40","modified_gmt":"2013-05-07T04:01:40","slug":"paran-por-3-dias-77-hospitales-bonaerenses","status":"publish","type":"post","link":"https:\/\/www.elsindical.com.ar\/notas\/paran-por-3-dias-77-hospitales-bonaerenses\/","title":{"rendered":"Paran por 3 d\u00edas 77 hospitales bonaerenses"},"content":{"rendered":"<p style=\"text-align: justify;\"><em><a href=\"http:\/\/www.elsindical.com.ar\/notas\/var\/www\/html\/notas\/wp-content\/uploads\/2011\/09\/Logo-CICOP.jpg\"><img loading=\"lazy\" decoding=\"async\" class=\"alignleft size-medium wp-image-16728\" alt=\"Logo-CICOP\" src=\"http:\/\/www.elsindical.com.ar\/notas\/var\/www\/html\/notas\/wp-content\/uploads\/2011\/09\/Logo-CICOP-300x115.jpg\" width=\"300\" height=\"115\" srcset=\"https:\/\/www.elsindical.com.ar\/notas\/var\/www\/html\/notas\/wp-content\/uploads\/2011\/09\/Logo-CICOP-300x115.jpg 300w, https:\/\/www.elsindical.com.ar\/notas\/var\/www\/html\/notas\/wp-content\/uploads\/2011\/09\/Logo-CICOP.jpg 413w\" sizes=\"auto, (max-width: 300px) 100vw, 300px\" \/><\/a>El personal agrupado en la Asociaci\u00f3n Sindical de Profesionales arrancan el martes esta medida en demanda del mejoramiento de la oferta salarial.<\/em><\/p>\n<p style=\"text-align: justify;\">El personal de los<b> 77 hospitales bonaerenses<\/b> agrupado en la <b>Asociaci\u00f3n Sindical de Profesionales de la Salud de la Provincia de Buenos Aires<\/b> (CICOP) paralizar\u00e1 desde este martes las tareas durante tres d\u00edas en demanda del mejoramiento de la oferta salarial, inform\u00f3 hoy el gremio.<\/p>\n<p>El sindicato, que lidera <b>Viviana Garc\u00eda,<\/b> explic\u00f3 hoy en un comunicado de prensa que la protesta comenzar\u00e1 esta medianoche.<\/p>\n<p>Los profesionales exigen \u00abel mejoramiento de la oferta de aumento salarial formulada por el gobierno provincial, que oscila entre <b>un 22 y 24 por ciento, seg\u00fan las categor\u00edas y en tres cuotas<\/b>\u00ab.<\/p>\n<p>Garc\u00eda explic\u00f3 que \u00ab<b>el paro de 72 horas incluir\u00e1 acciones locales, una campa\u00f1a de afiches y volanteadas<\/b>, y ser\u00e1 coordinado con los judiciales y estatales bonaerenses, adem\u00e1s de otros gremios de la Central de Trabajadores de la Argentina (CTA)\u00bb.<\/p>\n<p>Tambi\u00e9n se realizar\u00e1n asambleas \u00abcon mandato\u00bb y se decidir\u00e1n los pasos a seguir en el Congreso que se realizar\u00e1 desde las 9 de este s\u00e1bado en la sede gremial de Avenida Jos\u00e9 Mar\u00eda Moreno 714.<\/p>\n","protected":false},"excerpt":{"rendered":"<p>El personal agrupado en la Asociaci\u00f3n Sindical de Profesionales arrancan el martes esta medida en demanda del mejoramiento de la oferta salarial. El personal de los 77 hospitales bonaerenses agrupado en la Asociaci\u00f3n Sindical de Profesionales de la Salud de la Provincia de Buenos Aires (CICOP) paralizar\u00e1 desde este martes las tareas durante tres d\u00edas&hellip;<\/p>\n","protected":false},"author":1,"featured_media":0,"comment_status":"open","ping_status":"open","sticky":false,"template":"","format":"standard","meta":{"footnotes":""},"categories":[16],"tags":[291,441,553,67,22031],"class_list":["post-34540","post","type-post","status-publish","format-standard","hentry","category-gremiales","tag-cicop","tag-hospitales","tag-pacientes","tag-paro","tag-salud"],"_links":{"self":[{"href":"https:\/\/www.elsindical.com.ar\/notas\/wp-json\/wp\/v2\/posts\/34540","targetHints":{"allow":["GET"]}}],"collection":[{"href":"https:\/\/www.elsindical.com.ar\/notas\/wp-json\/wp\/v2\/posts"}],"about":[{"href":"https:\/\/www.elsindical.com.ar\/notas\/wp-json\/wp\/v2\/types\/post"}],"author":[{"embeddable":true,"href":"https:\/\/www.elsindical.com.ar\/notas\/wp-json\/wp\/v2\/users\/1"}],"replies":[{"embeddable":true,"href":"https:\/\/www.elsindical.com.ar\/notas\/wp-json\/wp\/v2\/comments?post=34540"}],"version-history":[{"count":1,"href":"https:\/\/www.elsindical.com.ar\/notas\/wp-json\/wp\/v2\/posts\/34540\/revisions"}],"predecessor-version":[{"id":34541,"href":"https:\/\/www.elsindical.com.ar\/notas\/wp-json\/wp\/v2\/posts\/34540\/revisions\/34541"}],"wp:attachment":[{"href":"https:\/\/www.elsindical.com.ar\/notas\/wp-json\/wp\/v2\/media?parent=34540"}],"wp:term":[{"taxonomy":"category","embeddable":true,"href":"https:\/\/www.elsindical.com.ar\/notas\/wp-json\/wp\/v2\/categories?post=34540"},{"taxonomy":"post_tag","embeddable":true,"href":"https:\/\/www.elsindical.com.ar\/notas\/wp-json\/wp\/v2\/tags?post=34540"}],"curies":[{"name":"wp","href":"https:\/\/api.w.org\/{rel}","templated":true}]}}