{"id":34474,"date":"2013-05-03T20:32:39","date_gmt":"2013-05-03T23:32:39","guid":{"rendered":"http:\/\/www.elsindical.com.ar\/notas\/?p=34474"},"modified":"2013-05-03T20:32:39","modified_gmt":"2013-05-03T23:32:39","slug":"florestamanejo-de-contramano-varias-cuadras-mato-a-una-mujer-y-dejo-varios-heridas","status":"publish","type":"post","link":"https:\/\/www.elsindical.com.ar\/notas\/florestamanejo-de-contramano-varias-cuadras-mato-a-una-mujer-y-dejo-varios-heridas\/","title":{"rendered":"Floresta:Manej\u00f3 de contramano varias cuadras, mat\u00f3 a una mujer y dej\u00f3 varios heridas"},"content":{"rendered":"<p style=\"text-align: justify;\"><em><a href=\"http:\/\/www.elsindical.com.ar\/notas\/var\/www\/html\/notas\/wp-content\/uploads\/2013\/05\/cuerpo-cubierto.jpg\"><img loading=\"lazy\" decoding=\"async\" class=\"alignleft size-medium wp-image-34475\" alt=\"cuerpo-cubierto\" src=\"http:\/\/www.elsindical.com.ar\/notas\/var\/www\/html\/notas\/wp-content\/uploads\/2013\/05\/cuerpo-cubierto-300x170.jpg\" width=\"300\" height=\"170\" srcset=\"https:\/\/www.elsindical.com.ar\/notas\/var\/www\/html\/notas\/wp-content\/uploads\/2013\/05\/cuerpo-cubierto-300x170.jpg 300w, https:\/\/www.elsindical.com.ar\/notas\/var\/www\/html\/notas\/wp-content\/uploads\/2013\/05\/cuerpo-cubierto-500x283.jpg 500w, https:\/\/www.elsindical.com.ar\/notas\/var\/www\/html\/notas\/wp-content\/uploads\/2013\/05\/cuerpo-cubierto.jpg 502w\" sizes=\"auto, (max-width: 300px) 100vw, 300px\" \/><\/a>El hecho sucedi\u00f3 en Floresta. La v\u00edctima ten\u00eda 29 a\u00f1os y fue arrollada por el veh\u00edculo que circulaba a m\u00e1s de 100 kil\u00f3metros por hora. Tambi\u00e9n hiri\u00f3 a otra joven que ya fue dada de alta.<\/em><\/p>\n<p style=\"text-align: justify;\">Un hombre que condujo su auto a contramano en el barrio porte\u00f1o de Floresta y a <b>m\u00e1s de 100 kil\u00f3metros por hora<\/b>, protagoniz\u00f3 un choque y embisti\u00f3 a dos mujeres, una de las cuales perdi\u00f3 la vida.<\/p>\n<p>Seg\u00fan trascendi\u00f3, la joven identificada como <b>Mar\u00eda Luz, de 29 a\u00f1os<\/b>, fue quien perdi\u00f3 la vida a ra\u00edz del tr\u00e1gico accidente ocurrido el pasado domingo.<\/p>\n<p>Los vecinos aseguraron que el veh\u00edculo circulaba a contra mano por la calle Tres Arroyos a <b>m\u00e1s de 100 kil\u00f3metros por hora<\/b>, y al chocar contra otro veh\u00edculo, embisti\u00f3 a dos j\u00f3venes.<\/p>\n<p>Se trataban de dos j\u00f3venes amigas, Mar\u00eda Luz y Estefan\u00eda, a quienes <b>atropell\u00f3 en el cruce con la calle Boyac\u00e1<\/b>, y la primera de ellas tambi\u00e9n sufri\u00f3 graves heridas tales como fractura de pelvis y politraumatismos, aunque ya recuper\u00f3 el alta m\u00e9dica.<\/p>\n<p>Tras embestir a las j\u00f3venes, el conductor, seg\u00fan testigos, <b>se qued\u00f3 dentro de su auto esperando el arribo de la Polic\u00eda<\/b>.<\/p>\n<p>Seg\u00fan sus primeras palabras, <b>\u00e9l perdi\u00f3 el control de su veh\u00edculo porque sufri\u00f3 un shock hipogluc\u00e9mico<\/b>, un argumento s\u00edmil al que dio un taxista que en contra mano embisti\u00f3 a varios veh\u00edculos y una joven semanas atr\u00e1s en Recoleta. Los vecinos denunciaron en cambio que el conductor tras matar a la joven, hizo una llamada desde su celular.<\/p>\n","protected":false},"excerpt":{"rendered":"<p>El hecho sucedi\u00f3 en Floresta. La v\u00edctima ten\u00eda 29 a\u00f1os y fue arrollada por el veh\u00edculo que circulaba a m\u00e1s de 100 kil\u00f3metros por hora. Tambi\u00e9n hiri\u00f3 a otra joven que ya fue dada de alta. Un hombre que condujo su auto a contramano en el barrio porte\u00f1o de Floresta y a m\u00e1s de 100&hellip;<\/p>\n","protected":false},"author":1,"featured_media":0,"comment_status":"open","ping_status":"open","sticky":false,"template":"","format":"standard","meta":{"footnotes":""},"categories":[22],"tags":[10384,1848,16025],"class_list":["post-34474","post","type-post","status-publish","format-standard","hentry","category-policiales","tag-estefania","tag-floresta","tag-maria-luz"],"_links":{"self":[{"href":"https:\/\/www.elsindical.com.ar\/notas\/wp-json\/wp\/v2\/posts\/34474","targetHints":{"allow":["GET"]}}],"collection":[{"href":"https:\/\/www.elsindical.com.ar\/notas\/wp-json\/wp\/v2\/posts"}],"about":[{"href":"https:\/\/www.elsindical.com.ar\/notas\/wp-json\/wp\/v2\/types\/post"}],"author":[{"embeddable":true,"href":"https:\/\/www.elsindical.com.ar\/notas\/wp-json\/wp\/v2\/users\/1"}],"replies":[{"embeddable":true,"href":"https:\/\/www.elsindical.com.ar\/notas\/wp-json\/wp\/v2\/comments?post=34474"}],"version-history":[{"count":1,"href":"https:\/\/www.elsindical.com.ar\/notas\/wp-json\/wp\/v2\/posts\/34474\/revisions"}],"predecessor-version":[{"id":34476,"href":"https:\/\/www.elsindical.com.ar\/notas\/wp-json\/wp\/v2\/posts\/34474\/revisions\/34476"}],"wp:attachment":[{"href":"https:\/\/www.elsindical.com.ar\/notas\/wp-json\/wp\/v2\/media?parent=34474"}],"wp:term":[{"taxonomy":"category","embeddable":true,"href":"https:\/\/www.elsindical.com.ar\/notas\/wp-json\/wp\/v2\/categories?post=34474"},{"taxonomy":"post_tag","embeddable":true,"href":"https:\/\/www.elsindical.com.ar\/notas\/wp-json\/wp\/v2\/tags?post=34474"}],"curies":[{"name":"wp","href":"https:\/\/api.w.org\/{rel}","templated":true}]}}