{"id":34429,"date":"2013-05-02T21:52:43","date_gmt":"2013-05-03T00:52:43","guid":{"rendered":"http:\/\/www.elsindical.com.ar\/notas\/?p=34429"},"modified":"2013-05-02T21:52:43","modified_gmt":"2013-05-03T00:52:43","slug":"del-visoasesinan-al-baterista-de-una-banda-de-punk-rock-en-un-intento-de-asalto","status":"publish","type":"post","link":"https:\/\/www.elsindical.com.ar\/notas\/del-visoasesinan-al-baterista-de-una-banda-de-punk-rock-en-un-intento-de-asalto\/","title":{"rendered":"Del Viso:Asesinan al baterista de una banda de punk rock en un intento de asalto"},"content":{"rendered":"<p style=\"text-align: justify;\"><em><a href=\"http:\/\/www.elsindical.com.ar\/notas\/var\/www\/html\/notas\/wp-content\/uploads\/2013\/05\/captura-mal-momento.jpg\"><img loading=\"lazy\" decoding=\"async\" class=\"alignleft size-medium wp-image-34430\" alt=\"captura-mal-momento\" src=\"http:\/\/www.elsindical.com.ar\/notas\/var\/www\/html\/notas\/wp-content\/uploads\/2013\/05\/captura-mal-momento-300x135.jpg\" width=\"300\" height=\"135\" srcset=\"https:\/\/www.elsindical.com.ar\/notas\/var\/www\/html\/notas\/wp-content\/uploads\/2013\/05\/captura-mal-momento-300x135.jpg 300w, https:\/\/www.elsindical.com.ar\/notas\/var\/www\/html\/notas\/wp-content\/uploads\/2013\/05\/captura-mal-momento-500x225.jpg 500w, https:\/\/www.elsindical.com.ar\/notas\/var\/www\/html\/notas\/wp-content\/uploads\/2013\/05\/captura-mal-momento.jpg 531w\" sizes=\"auto, (max-width: 300px) 100vw, 300px\" \/><\/a>Se llamaba Juan Herrera y ten\u00eda 32 a\u00f1os. Tocaba en el grupo Mal Momento. Quiso evitar que robaran un comercio en el que trabajaba y le dieron un tiro en el pecho.<\/em><\/p>\n<p style=\"text-align: justify;\">Juan Herrera ten\u00eda 32 a\u00f1os, <strong>era baterista de una banda de punk rock <\/strong>y tambi\u00e9n trabajaba en un bar. Anoche quiso intentar que asaltaran el local de la localidad bonaerense de <strong>Del Viso<\/strong> en el que trabajaba y <strong>fue asesinado de un balazo en el pecho<\/strong> por un delincuente.<\/p>\n<p style=\"text-align: justify;\">Seg\u00fan informaron hoy fuentes policiales y judiciales, el hecho ocurri\u00f3 alrededor de las 20.30, en un local ubicado a la altura del kil\u00f3metro 40.5 de la Autopista Panamericana, ramal Pilar.<\/p>\n<p style=\"text-align: justify;\">Herrera <strong>trabajaba desde ayer en ese lugar,<\/strong> cuando al menos un delincuente armado trat\u00f3 de ingresar con fines de robo. En ese momento, el baterista de <strong>la banda de punk rock Mal Momento<\/strong> se trenz\u00f3 en lucha con el asaltante para evitar que entrara al comercio.<\/p>\n<p style=\"text-align: justify;\">Seg\u00fan las fuentes, el delincuente efectu\u00f3 dos disparos, de los cuales uno impact\u00f3 en el techo y otro en el pecho de Herrera, quien <strong>muri\u00f3 casi en el acto<\/strong>.<\/p>\n<p style=\"text-align: justify;\">Dos empleados que estaban junto a Herrera <strong>redujeron al homicida, pero un c\u00f3mplice apareci\u00f3<\/strong> y los amenaz\u00f3 con un arma para que lo liberaran. Luego, ambos ladrones <strong>huyeron a bordo de una moto <\/strong>y hasta esta tarde eran intensamente buscados por el personal de la comisar\u00eda 7\u00aa de Pilar.<\/p>\n<p style=\"text-align: justify;\">\u00ab<strong>No hay palabras que decir o por lo menos no nos salen<\/strong>. Siempre estar\u00e1s entre nosotros, te queremos mucho y jam\u00e1s te vamos a olvidar\u00bb, recordaron a Herrera a trav\u00e9s de la p\u00e1gina oficial de Facebook del grupo Mal Momento.<\/p>\n<p style=\"text-align: justify;\">Adem\u00e1s, desde ese mensaje repudiaron el asesinato: \u00ab<strong>No sabemos si llamarlo v\u00edctima de la inseguridad o c\u00f3mo<\/strong>, lo cierto es que un hijo de mil puta (sic) entr\u00f3 a robar a la sala de ensayo donde Juan trabajaba y lo mat\u00f3\u00bb.<\/p>\n<p style=\"text-align: justify;\">El hecho es investigado por el fiscal Washington Palacios, a cargo de la Unidad Funcional de Instrucci\u00f3n (UFI) 1 descentralizada en Pilar, del Departamento Judicial San Isidro, quien caratul\u00f3 la causa \u00ab<strong>homicidio en ocasi\u00f3n de robo<\/strong>\u00ab.<\/p>\n","protected":false},"excerpt":{"rendered":"<p>Se llamaba Juan Herrera y ten\u00eda 32 a\u00f1os. Tocaba en el grupo Mal Momento. Quiso evitar que robaran un comercio en el que trabajaba y le dieron un tiro en el pecho. Juan Herrera ten\u00eda 32 a\u00f1os, era baterista de una banda de punk rock y tambi\u00e9n trabajaba en un bar. Anoche quiso intentar que&hellip;<\/p>\n","protected":false},"author":1,"featured_media":0,"comment_status":"open","ping_status":"open","sticky":false,"template":"","format":"standard","meta":{"footnotes":""},"categories":[22],"tags":[363,1954,4350,15999,1411,16000,116,9992],"class_list":["post-34429","post","type-post","status-publish","format-standard","hentry","category-policiales","tag-asesinato","tag-comercio","tag-del-viso","tag-juan-herrera","tag-pilar","tag-punk-rock","tag-robo","tag-ufi-1"],"_links":{"self":[{"href":"https:\/\/www.elsindical.com.ar\/notas\/wp-json\/wp\/v2\/posts\/34429","targetHints":{"allow":["GET"]}}],"collection":[{"href":"https:\/\/www.elsindical.com.ar\/notas\/wp-json\/wp\/v2\/posts"}],"about":[{"href":"https:\/\/www.elsindical.com.ar\/notas\/wp-json\/wp\/v2\/types\/post"}],"author":[{"embeddable":true,"href":"https:\/\/www.elsindical.com.ar\/notas\/wp-json\/wp\/v2\/users\/1"}],"replies":[{"embeddable":true,"href":"https:\/\/www.elsindical.com.ar\/notas\/wp-json\/wp\/v2\/comments?post=34429"}],"version-history":[{"count":1,"href":"https:\/\/www.elsindical.com.ar\/notas\/wp-json\/wp\/v2\/posts\/34429\/revisions"}],"predecessor-version":[{"id":34431,"href":"https:\/\/www.elsindical.com.ar\/notas\/wp-json\/wp\/v2\/posts\/34429\/revisions\/34431"}],"wp:attachment":[{"href":"https:\/\/www.elsindical.com.ar\/notas\/wp-json\/wp\/v2\/media?parent=34429"}],"wp:term":[{"taxonomy":"category","embeddable":true,"href":"https:\/\/www.elsindical.com.ar\/notas\/wp-json\/wp\/v2\/categories?post=34429"},{"taxonomy":"post_tag","embeddable":true,"href":"https:\/\/www.elsindical.com.ar\/notas\/wp-json\/wp\/v2\/tags?post=34429"}],"curies":[{"name":"wp","href":"https:\/\/api.w.org\/{rel}","templated":true}]}}