{"id":34424,"date":"2013-05-02T19:19:01","date_gmt":"2013-05-02T22:19:01","guid":{"rendered":"http:\/\/www.elsindical.com.ar\/notas\/?p=34424"},"modified":"2013-05-02T19:19:01","modified_gmt":"2013-05-02T22:19:01","slug":"reincorporacion-judicial-en-el-diario-cronica","status":"publish","type":"post","link":"https:\/\/www.elsindical.com.ar\/notas\/reincorporacion-judicial-en-el-diario-cronica\/","title":{"rendered":"Reincorporaci\u00f3n judicial en el diario Cr\u00f3nica"},"content":{"rendered":"<p><a href=\"http:\/\/www.elsindical.com.ar\/notas\/var\/www\/html\/notas\/wp-content\/uploads\/2012\/12\/logo-Cr\u00f3nica.jpg\"><img loading=\"lazy\" decoding=\"async\" class=\"alignleft size-medium wp-image-30749\" alt=\"logo-Cr\u00f3nica\" src=\"http:\/\/www.elsindical.com.ar\/notas\/var\/www\/html\/notas\/wp-content\/uploads\/2012\/12\/logo-Cr\u00f3nica-300x145.jpg\" width=\"300\" height=\"145\" srcset=\"https:\/\/www.elsindical.com.ar\/notas\/var\/www\/html\/notas\/wp-content\/uploads\/2012\/12\/logo-Cr\u00f3nica-300x145.jpg 300w, https:\/\/www.elsindical.com.ar\/notas\/var\/www\/html\/notas\/wp-content\/uploads\/2012\/12\/logo-Cr\u00f3nica.jpg 413w\" sizes=\"auto, (max-width: 300px) 100vw, 300px\" \/><\/a>Reproducimos comunicado de prensa:<\/p>\n<p style=\"text-align: justify;\">El Juzgado Nacional del Trabajo N\u00ba 78 ha dictado sentencia definitiva ordenando reincorporar a su puesto de trabajo a Esteban Salcedo, congresal del Sindicato Federaci\u00f3n Gr\u00e1fica Bonaerense (SFGB), quien fuera despedido por el Grupo Olmos, tras postularse como candidato a delegado e impulsar dicha elecci\u00f3n en este hist\u00f3rico medio de prensa. Este viernes 3 de mayo el juzgado a ordenado que Esteban sea acompa\u00f1ado por un oficial de justicia para que se de cumplimiento a la manda judicial.<\/p>\n<p style=\"text-align: justify;\">En la parte gr\u00e1fica de Cr\u00f3nica se suprimi\u00f3 toda actividad gremial desde que se convirti\u00f3 en un medio oficialista, cuando tom\u00f3 el control de la empresa el Grupo Olmos, ligado a la UOM de la que gerencia su Obra Social \u201cForjar Salud\u201d, y que cuenta con aceitados v\u00ednculos con el gobierno nacional. Desde el 2005 Olmos se ha extendido a Cr\u00f3nica TV, BAE, El Atl\u00e1ntico de Mar del Plata, \u00c1mbito Financiero y Buenos Aires Herald.<\/p>\n<p style=\"text-align: justify;\">En el mismo edificio de Cr\u00f3nica,\u00a0 funciona la Administraci\u00f3n Nacional de Aviaci\u00f3n Civil, que en manos de La C\u00e1mpora le ha alquilado el edificio a Olmos para hacer funcionar all\u00ed este organismo oficial. Si los directivos de La C\u00e1mpora bajan al subsuelo descubrir\u00e1n una planta gr\u00e1fica donde esta prohibida la afiliaci\u00f3n y la elecci\u00f3n de delgados, la cual funciona con patovicas siempre bien dispuesto a intervenir contra cualquier manifestaci\u00f3n gremial.<\/p>\n<p style=\"text-align: justify;\">Se trata de la segunda orden judicial en el mismo sentido, la primera fue una medida cautelar que fue desconocida por la empresa, por lo que el juzgado ya ha determinado que se copien las actuaciones y se remitan al fuero penal para investigar la posible comisi\u00f3n de un delito por parte de las autoridades de la empresa. Con la sentencia definitiva, que adem\u00e1s ha determinado una multa diaria, la resoluci\u00f3n toma mayor fuerza. Si nuevamente se pretendiera incumplirla se iniciar\u00e1 una acci\u00f3n de desobediencia contra los directivos de la empresa, se solicitar\u00e1 al AFSCA que intervenga para suspender la abundante pauta oficial que recibe este grupo, y se reclamar\u00e1 la urgente intervenci\u00f3n del Ministerio de Trabajo.<\/p>\n<p style=\"text-align: justify;\">Convocamos a todos los medios, periodistas, trabajadores y organizaciones populares, a hacerse presentes este viernes 3 de mayo a las 12 hs en Garay 140 (esquina Azopardo), del acto que realizaremos acompa\u00f1ando a Esteban y el Oficial de Justicia que se har\u00e1 presente en Cr\u00f3nica mandatado por el Juez para exigirle a la empresa el cumplimiento de la reincorporaci\u00f3n.<\/p>\n<p style=\"text-align: justify;\">\n<p style=\"text-align: justify;\"><strong>Lista Naranja Gr\u00e1fica<\/strong><\/p>\n","protected":false},"excerpt":{"rendered":"<p>Reproducimos comunicado de prensa: El Juzgado Nacional del Trabajo N\u00ba 78 ha dictado sentencia definitiva ordenando reincorporar a su puesto de trabajo a Esteban Salcedo, congresal del Sindicato Federaci\u00f3n Gr\u00e1fica Bonaerense (SFGB), quien fuera despedido por el Grupo Olmos, tras postularse como candidato a delegado e impulsar dicha elecci\u00f3n en este hist\u00f3rico medio de prensa.&hellip;<\/p>\n","protected":false},"author":1,"featured_media":0,"comment_status":"open","ping_status":"open","sticky":false,"template":"","format":"standard","meta":{"footnotes":""},"categories":[16],"tags":[15996,1567,523,14258,15998,8109,4645,15997,1264],"class_list":["post-34424","post","type-post","status-publish","format-standard","hentry","category-gremiales","tag-congresal","tag-cronica","tag-delegado","tag-esteban-salcedo","tag-grupo-olmos","tag-lista-naranja-grafica","tag-reincorporacion","tag-sfgb","tag-uom"],"_links":{"self":[{"href":"https:\/\/www.elsindical.com.ar\/notas\/wp-json\/wp\/v2\/posts\/34424","targetHints":{"allow":["GET"]}}],"collection":[{"href":"https:\/\/www.elsindical.com.ar\/notas\/wp-json\/wp\/v2\/posts"}],"about":[{"href":"https:\/\/www.elsindical.com.ar\/notas\/wp-json\/wp\/v2\/types\/post"}],"author":[{"embeddable":true,"href":"https:\/\/www.elsindical.com.ar\/notas\/wp-json\/wp\/v2\/users\/1"}],"replies":[{"embeddable":true,"href":"https:\/\/www.elsindical.com.ar\/notas\/wp-json\/wp\/v2\/comments?post=34424"}],"version-history":[{"count":1,"href":"https:\/\/www.elsindical.com.ar\/notas\/wp-json\/wp\/v2\/posts\/34424\/revisions"}],"predecessor-version":[{"id":34425,"href":"https:\/\/www.elsindical.com.ar\/notas\/wp-json\/wp\/v2\/posts\/34424\/revisions\/34425"}],"wp:attachment":[{"href":"https:\/\/www.elsindical.com.ar\/notas\/wp-json\/wp\/v2\/media?parent=34424"}],"wp:term":[{"taxonomy":"category","embeddable":true,"href":"https:\/\/www.elsindical.com.ar\/notas\/wp-json\/wp\/v2\/categories?post=34424"},{"taxonomy":"post_tag","embeddable":true,"href":"https:\/\/www.elsindical.com.ar\/notas\/wp-json\/wp\/v2\/tags?post=34424"}],"curies":[{"name":"wp","href":"https:\/\/api.w.org\/{rel}","templated":true}]}}