{"id":34421,"date":"2013-05-02T15:56:31","date_gmt":"2013-05-02T18:56:31","guid":{"rendered":"http:\/\/www.elsindical.com.ar\/notas\/?p=34421"},"modified":"2013-05-02T15:56:31","modified_gmt":"2013-05-02T18:56:31","slug":"cordobaserian-empleados-municipales-los-responsables-de-la-matanza-de-perros-en-dean-funes","status":"publish","type":"post","link":"https:\/\/www.elsindical.com.ar\/notas\/cordobaserian-empleados-municipales-los-responsables-de-la-matanza-de-perros-en-dean-funes\/","title":{"rendered":"C\u00f3rdoba:Ser\u00edan empleados municipales los responsables de la matanza de perros en Dean Funes"},"content":{"rendered":"<p style=\"text-align: justify;\"><em><a href=\"http:\/\/www.elsindical.com.ar\/notas\/var\/www\/html\/notas\/wp-content\/uploads\/2013\/05\/matanza-de-perros-C\u00f3rdoba-Dean-Funes.jpg\"><img loading=\"lazy\" decoding=\"async\" class=\"alignleft size-medium wp-image-34422\" alt=\"matanza-de-perros-C\u00f3rdoba-Dean-Funes\" src=\"http:\/\/www.elsindical.com.ar\/notas\/var\/www\/html\/notas\/wp-content\/uploads\/2013\/05\/matanza-de-perros-C\u00f3rdoba-Dean-Funes-300x224.jpg\" width=\"300\" height=\"224\" srcset=\"https:\/\/www.elsindical.com.ar\/notas\/var\/www\/html\/notas\/wp-content\/uploads\/2013\/05\/matanza-de-perros-C\u00f3rdoba-Dean-Funes-300x224.jpg 300w, https:\/\/www.elsindical.com.ar\/notas\/var\/www\/html\/notas\/wp-content\/uploads\/2013\/05\/matanza-de-perros-C\u00f3rdoba-Dean-Funes-400x300.jpg 400w, https:\/\/www.elsindical.com.ar\/notas\/var\/www\/html\/notas\/wp-content\/uploads\/2013\/05\/matanza-de-perros-C\u00f3rdoba-Dean-Funes.jpg 502w\" sizes=\"auto, (max-width: 300px) 100vw, 300px\" \/><\/a>La polic\u00eda de C\u00f3rdoba realiz\u00f3 una serie de allanamientos y hall\u00f3 <strong>\u00abinsecticidas nocivos\u00bb<\/strong> que pudieron ser los que causaron la muerte de cientos de animales en la localidad de Dean Funes. <strong>No hay detenidos.<\/strong><\/em><\/p>\n<p style=\"text-align: justify;\">Un ex empleado de la municipalidad de<strong> Dean Funes<\/strong> y otros dos que est\u00e1n en actividad son los \u00fanicos apuntados hasta el momento como los causantes de la muerte por <strong>envenenamiento de 200 perros<\/strong> y otros animales callejeros y dom\u00e9sticos en esa localidad.<\/p>\n<p style=\"text-align: justify;\">La polic\u00eda cordobesa confirm\u00f3 en las \u00faltimas horas que luego de realizar varios allanamientos en distintas viviendas de la zona encontr\u00f3 \u201celementos importantes para la causa, como muestras de insecticidas nocivos, Ciper y Zetametrina\u00bb, dijo a <em>T\u00e9lam<\/em> el comisario<strong> Eusebio Villalba<\/strong>, de la Departamental Ischil\u00edn.<\/p>\n<p style=\"text-align: justify;\">Si bien hasta el momento no hay detenciones, el comisario precis\u00f3: \u00abTenemos varias hip\u00f3tesis, pero no queremos revelarlas hasta que no tengamos certezas. Lo que est\u00e1 claro es que una sola persona no hizo esto\u00bb.<\/p>\n<p style=\"text-align: justify;\">el martes pasado durante la ma\u00f1ana, se hab\u00edan concretado otros tres allanamientos y \u00abdos de ellos arrojaron resultados positivos\u00bb, dado que se pudo \u00absecuestrar elementos que pueden servir para la causa, como insecticidas, guantes y jeringas\u00bb, seg\u00fan Villalba.<\/p>\n<p style=\"text-align: justify;\">Los allanamientos se concretaron<strong> \u00aben las viviendas particulares de un ex empleado y dos empleados del municipio, que estuvieron demorados hasta que fueron llevados a la Departamental de Polic\u00eda\u00bb<\/strong>, aunque luego fueron liberados y hasta el momento<strong> \u00abno fueron imputados\u00bb.<\/strong><\/p>\n<p style=\"text-align: justify;\">En tanto, la ciudad de De\u00e1n Funes, ubicada a 120 kil\u00f3metros al noroeste de la capital cordobesa, continuaba hoy en emergencia sanitaria y ambiental, con la poblaci\u00f3n en estado de conmoci\u00f3n social, ante la matanza an\u00f3nima, con un potente veneno, de los animales.<\/p>\n<p style=\"text-align: justify;\">La muerte de los perros fue causada por el uso de un insecticida de uso agropecuario de la familia de los carbamatos, seg\u00fan pudo determinar el Laboratorio de Toxicolog\u00eda del Ministerio de Salud de la provincia.<\/p>\n<p style=\"text-align: justify;\">\u00abEl resultado fue una sustancia del grupo de los carbamatos llamada Metamil. Ante esto, desde la Direcci\u00f3n de Salud y Medio Ambiente del Municipio recomienda que en caso de s\u00edntomas sospechosos\u00bb los vecinos \u00abdeben dirigirse al Hospital Romagosa (de la capital cordobesa), ya que all\u00ed cuentan con el protocolo a seguir ante estos casos\u00bb, inform\u00f3 el organismo municipal.<\/p>\n<p style=\"text-align: justify;\">No obstante, el Municipio confirm\u00f3 que, hasta el momento, <strong>no se detectaron casos de personas afectadas<\/strong> por efecto del t\u00f3xico, al tiempo que emiti\u00f3 un comunicado en el que advierte a la poblaci\u00f3n sobre una serie de medidas preventivas para <strong>evitar el contacto de la gente con ese producto.<\/strong><\/p>\n","protected":false},"excerpt":{"rendered":"<p>La polic\u00eda de C\u00f3rdoba realiz\u00f3 una serie de allanamientos y hall\u00f3 \u00abinsecticidas nocivos\u00bb que pudieron ser los que causaron la muerte de cientos de animales en la localidad de Dean Funes. No hay detenidos. Un ex empleado de la municipalidad de Dean Funes y otros dos que est\u00e1n en actividad son los \u00fanicos apuntados hasta&hellip;<\/p>\n","protected":false},"author":1,"featured_media":0,"comment_status":"open","ping_status":"open","sticky":false,"template":"","format":"standard","meta":{"footnotes":""},"categories":[22],"tags":[],"class_list":["post-34421","post","type-post","status-publish","format-standard","hentry","category-policiales"],"_links":{"self":[{"href":"https:\/\/www.elsindical.com.ar\/notas\/wp-json\/wp\/v2\/posts\/34421","targetHints":{"allow":["GET"]}}],"collection":[{"href":"https:\/\/www.elsindical.com.ar\/notas\/wp-json\/wp\/v2\/posts"}],"about":[{"href":"https:\/\/www.elsindical.com.ar\/notas\/wp-json\/wp\/v2\/types\/post"}],"author":[{"embeddable":true,"href":"https:\/\/www.elsindical.com.ar\/notas\/wp-json\/wp\/v2\/users\/1"}],"replies":[{"embeddable":true,"href":"https:\/\/www.elsindical.com.ar\/notas\/wp-json\/wp\/v2\/comments?post=34421"}],"version-history":[{"count":1,"href":"https:\/\/www.elsindical.com.ar\/notas\/wp-json\/wp\/v2\/posts\/34421\/revisions"}],"predecessor-version":[{"id":34423,"href":"https:\/\/www.elsindical.com.ar\/notas\/wp-json\/wp\/v2\/posts\/34421\/revisions\/34423"}],"wp:attachment":[{"href":"https:\/\/www.elsindical.com.ar\/notas\/wp-json\/wp\/v2\/media?parent=34421"}],"wp:term":[{"taxonomy":"category","embeddable":true,"href":"https:\/\/www.elsindical.com.ar\/notas\/wp-json\/wp\/v2\/categories?post=34421"},{"taxonomy":"post_tag","embeddable":true,"href":"https:\/\/www.elsindical.com.ar\/notas\/wp-json\/wp\/v2\/tags?post=34421"}],"curies":[{"name":"wp","href":"https:\/\/api.w.org\/{rel}","templated":true}]}}