{"id":34409,"date":"2013-05-01T18:39:49","date_gmt":"2013-05-01T21:39:49","guid":{"rendered":"http:\/\/www.elsindical.com.ar\/notas\/?p=34409"},"modified":"2013-05-01T18:39:49","modified_gmt":"2013-05-01T21:39:49","slug":"morongolpean-amenazan-y-asaltan-a-juez-de-tribunal-oral-de-la-matanza-que-opino-sobre-el-caso-candela","status":"publish","type":"post","link":"https:\/\/www.elsindical.com.ar\/notas\/morongolpean-amenazan-y-asaltan-a-juez-de-tribunal-oral-de-la-matanza-que-opino-sobre-el-caso-candela\/","title":{"rendered":"Mor\u00f3n:Golpean, amenazan y asaltan a Juez de Tribunal Oral de la Matanza que opin\u00f3 sobre el caso Candela"},"content":{"rendered":"<p style=\"text-align: justify;\"><em><a href=\"http:\/\/www.elsindical.com.ar\/notas\/var\/www\/html\/notas\/wp-content\/uploads\/2013\/05\/Juez-Alfredo-Drocchi.jpg\"><img loading=\"lazy\" decoding=\"async\" class=\"alignleft size-medium wp-image-34410\" alt=\"Juez-Alfredo-Drocchi\" src=\"http:\/\/www.elsindical.com.ar\/notas\/var\/www\/html\/notas\/wp-content\/uploads\/2013\/05\/Juez-Alfredo-Drocchi-300x215.jpg\" width=\"300\" height=\"215\" srcset=\"https:\/\/www.elsindical.com.ar\/notas\/var\/www\/html\/notas\/wp-content\/uploads\/2013\/05\/Juez-Alfredo-Drocchi-300x215.jpg 300w, https:\/\/www.elsindical.com.ar\/notas\/var\/www\/html\/notas\/wp-content\/uploads\/2013\/05\/Juez-Alfredo-Drocchi-417x300.jpg 417w, https:\/\/www.elsindical.com.ar\/notas\/var\/www\/html\/notas\/wp-content\/uploads\/2013\/05\/Juez-Alfredo-Drocchi.jpg 502w\" sizes=\"auto, (max-width: 300px) 100vw, 300px\" \/><\/a>Alfredo Drocchi fue v\u00edctima de dos hombres armados, en el partido bonaerense de Mor\u00f3n. \u00abNo hables m\u00e1s, la pr\u00f3xima te matamos\u00bb, le dijeron.<\/em><\/p>\n<p style=\"text-align: justify;\"><b>Alfredo Drocchi<\/b>, Juez en lo criminal de La Matanza, fue asaltado cuando llegaba a su casa en el partido bonaerense de Mor\u00f3n por dos hombres armados que lo golpearon y tambi\u00e9n lo amenazaron, seg\u00fan relat\u00f3 este mi\u00e9rcoles la propia v\u00edctima.<\/p>\n<p><b>\u00abNo habl\u00e9s m\u00e1s, callate la boca. La pr\u00f3xima te matamos\u00bb<\/b>, record\u00f3 <b>Drocchi <\/b>que le dijo uno de los ladrones antes de escapar, lo que <b>el Juez consider\u00f3 que estaba relacionado con sus opiniones sobre la \u00abconnivencia entre un sector de la polic\u00eda (bonaerense) y la Justicia\u00bb para que no se resuelva el caso Candela. <\/b><\/p>\n<p>El hecho ocurri\u00f3 ayer alrededor de las 22:00 hs., cuando el Juez, presidente del Tribunal Oral en lo Criminal (TOC) 1 de La Matanza,\u00a0 llegaba en el auto de un amigo a su casa ubicada en el centro de la localidad de Mor\u00f3n, en el oeste del conurbano bonaerense.<\/p>\n<p>\u00abVolv\u00eda del programa de Mauro Viale, estamos llegando a mi casa y ni bien estacionamos dos tipos bajan de un Volkswagen Gol Trend verde con un arma en la mano cada uno\u00bb, record\u00f3 Drocchi, y agreg\u00f3 que \u00abse pusieron uno en cada una de las ventanillas\u00bb y los amenazaron con dispararles.<\/p>\n<p>El juez dijo que los ladrones hicieron \u00abbajar primero\u00bb a su amigo, mientras que a \u00e9l lo dejaron sentado en el asiento del acompa\u00f1ante.<\/p>\n<p>Luego, uno de los delincuentes le orden\u00f3 a los gritos que le diera el dinero y objetos de valor que llevaba encima, le peg\u00f3 \u00abun culatazo en la cabeza\u00bb y hasta lo forz\u00f3 a darle su anillo de casamiento.<\/p>\n<p>Antes de regresar al Gol Trend en el que hab\u00edan llegado, el agresor lo amenaz\u00f3 con matarlo \u00absi segu\u00eda hablando\u00bb, lo que Drocchi asoci\u00f3 de inmediato a sus declaraciones medi\u00e1ticas sobre la muerte de<b> Roberto An\u00edbal<\/b>, el testigo de identidad reservada del caso Candela, ocurrida el 24 de abril \u00faltimo tras una explosi\u00f3n en su casa.<\/p>\n<p>\u00abYo digo que esa muerte fue un atentado\u00bb, manifest\u00f3 el juez, y agreg\u00f3 que, en su opini\u00f3n, el caso por la muerte de la ni\u00f1a<b> Candela Rodr\u00edguez <\/b>no se resolvi\u00f3 \u00abpor la connivencia entre un sector de la polic\u00eda y del poder judicial que son resabios de la dictadura\u00bb.<\/p>\n<p>El juez relat\u00f3 tambi\u00e9n que un vecino de su cuadra le inform\u00f3 que \u00abuna hora antes hab\u00eda dos hombres en moto haciendo inteligencia\u00bb cerca de su casa, por lo que descart\u00f3 totalmente que se haya tratado de un hecho \u00abal voleo\u00bb.<\/p>\n<p>En tanto, Drocchi dijo que antes de que se escaparan alcanz\u00f3 a tomar el n\u00famero de patente del Gol Trend en el que se movilizaban los delincuentes y que, seg\u00fan le informaron fuentes de la investigaci\u00f3n, ten\u00eda pedido de secuestro luego de haber sido robado el 27 de abril a tan s\u00f3lo una cuadra de su domicilio.<\/p>\n<p>Interviene en la causa la Unidad Funcional de Instrucci\u00f3n (UFI) 6 del Departamento Judicial Mor\u00f3n.<\/p>\n","protected":false},"excerpt":{"rendered":"<p>Alfredo Drocchi fue v\u00edctima de dos hombres armados, en el partido bonaerense de Mor\u00f3n. \u00abNo hables m\u00e1s, la pr\u00f3xima te matamos\u00bb, le dijeron. Alfredo Drocchi, Juez en lo criminal de La Matanza, fue asaltado cuando llegaba a su casa en el partido bonaerense de Mor\u00f3n por dos hombres armados que lo golpearon y tambi\u00e9n lo&hellip;<\/p>\n","protected":false},"author":1,"featured_media":0,"comment_status":"open","ping_status":"open","sticky":false,"template":"","format":"standard","meta":{"footnotes":""},"categories":[22],"tags":[331,12755,15992,30,4682],"class_list":["post-34409","post","type-post","status-publish","format-standard","hentry","category-policiales","tag-amenazas","tag-caso-candela","tag-juez-alfredo-drocchi","tag-policia","tag-toc-1"],"_links":{"self":[{"href":"https:\/\/www.elsindical.com.ar\/notas\/wp-json\/wp\/v2\/posts\/34409","targetHints":{"allow":["GET"]}}],"collection":[{"href":"https:\/\/www.elsindical.com.ar\/notas\/wp-json\/wp\/v2\/posts"}],"about":[{"href":"https:\/\/www.elsindical.com.ar\/notas\/wp-json\/wp\/v2\/types\/post"}],"author":[{"embeddable":true,"href":"https:\/\/www.elsindical.com.ar\/notas\/wp-json\/wp\/v2\/users\/1"}],"replies":[{"embeddable":true,"href":"https:\/\/www.elsindical.com.ar\/notas\/wp-json\/wp\/v2\/comments?post=34409"}],"version-history":[{"count":1,"href":"https:\/\/www.elsindical.com.ar\/notas\/wp-json\/wp\/v2\/posts\/34409\/revisions"}],"predecessor-version":[{"id":34411,"href":"https:\/\/www.elsindical.com.ar\/notas\/wp-json\/wp\/v2\/posts\/34409\/revisions\/34411"}],"wp:attachment":[{"href":"https:\/\/www.elsindical.com.ar\/notas\/wp-json\/wp\/v2\/media?parent=34409"}],"wp:term":[{"taxonomy":"category","embeddable":true,"href":"https:\/\/www.elsindical.com.ar\/notas\/wp-json\/wp\/v2\/categories?post=34409"},{"taxonomy":"post_tag","embeddable":true,"href":"https:\/\/www.elsindical.com.ar\/notas\/wp-json\/wp\/v2\/tags?post=34409"}],"curies":[{"name":"wp","href":"https:\/\/api.w.org\/{rel}","templated":true}]}}