{"id":34379,"date":"2013-05-01T13:10:21","date_gmt":"2013-05-01T16:10:21","guid":{"rendered":"http:\/\/www.elsindical.com.ar\/notas\/?p=34379"},"modified":"2013-05-01T13:34:29","modified_gmt":"2013-05-01T16:34:29","slug":"visita-al-comedor-una-esperanza-para-los-ninos-de-avellaneda","status":"publish","type":"post","link":"https:\/\/www.elsindical.com.ar\/notas\/visita-al-comedor-una-esperanza-para-los-ninos-de-avellaneda\/","title":{"rendered":"Visita al Comedor \u00abUna esperanza para los ni\u00f1os\u00bb de Avellaneda"},"content":{"rendered":"<p style=\"text-align: justify;\">\u00a0\u00a0 <a href=\"http:\/\/www.elsindical.com.ar\/notas\/var\/www\/html\/notas\/wp-content\/uploads\/2013\/05\/comedor-Irma-01.jpg\"><img loading=\"lazy\" decoding=\"async\" class=\"alignleft size-medium wp-image-34380\" alt=\"comedor-Irma-01\" src=\"http:\/\/www.elsindical.com.ar\/notas\/var\/www\/html\/notas\/wp-content\/uploads\/2013\/05\/comedor-Irma-01-300x224.jpg\" width=\"300\" height=\"224\" srcset=\"https:\/\/www.elsindical.com.ar\/notas\/var\/www\/html\/notas\/wp-content\/uploads\/2013\/05\/comedor-Irma-01-300x224.jpg 300w, https:\/\/www.elsindical.com.ar\/notas\/var\/www\/html\/notas\/wp-content\/uploads\/2013\/05\/comedor-Irma-01-400x300.jpg 400w, https:\/\/www.elsindical.com.ar\/notas\/var\/www\/html\/notas\/wp-content\/uploads\/2013\/05\/comedor-Irma-01.jpg 502w\" sizes=\"auto, (max-width: 300px) 100vw, 300px\" \/><\/a><em>Continuando con el apoyo a las acciones solidarias, este martes 30 de abril, concurrimos acompa\u00f1ando al grupo solidario \u00abS\u00ed se puede\u00bb al comedor \u00abUna esperanza para los ni\u00f1os\u00bb de Wilde, partido de Avellaneda. El motivo era el de poder ayudar a Irma con la cena para los ni\u00f1os y apoyarla en estos momentos en los que se encontraba con algunas complicaciones de salud.<\/em><\/p>\n<p style=\"text-align: justify;\">Hab\u00edamos recibido una donaci\u00f3n de carne el d\u00eda lunes y pudimos ver que la misma no solo fue muy agradecida por los ni\u00f1os del comedor, sino que pudieron disfrutar de la misma para su alimentaci\u00f3n.<\/p>\n<p style=\"text-align: justify;\">Vivimos tiempos muy complejos y dif\u00edciles, donde la gran mayor\u00eda de los argentinos, tenemos que acomodar nuestra econom\u00eda para vivir con dignidad, por eso es muy importante la suma de gente solidaria, porque lo poco de muchos es mucho. Este concepto parece generar en algunas personas ideas contrarias a la participaci\u00f3n solidaria, por estos d\u00edas, algunas personas o personajes, ligados a la pol\u00edtica, parecen creer que solo ellos pueden administrar los recursos para la asistencia social y por un lado critican a los comedores y organizaciones solidarias, y por otro destinan recursos de la Naci\u00f3n a supuestos comedores que son administrados por \u00abpunteros\u00bb pol\u00edticos, para esto parecer\u00eda que s\u00ed existen los recursos y nadie pregunta si los mismos llegan a los m\u00e1s necesitados o no.<\/p>\n<p style=\"text-align: justify;\">En lo personal, considero que hay que ser muy mala leche, para discriminar a ni\u00f1os con necesidad de alimentarse, discriminarlos por si son de Avellaneda, de Quilmes o si vienen de alguna localidad lindera a alimentarse, creo que todos somos argentinos, curiosamente cuando necesitan movilizar gente, no preguntan de d\u00f3nde vienen esos que llenan micros. Mucho menos serio es que alg\u00fan funcionario de turno crea que puede condicionar la asistencia por si le cae en gracia quien dirige la instituci\u00f3n. Los grupos solidarios no discriminan jurisdicciones, se trabaja por los que necesitan porque eso es la solidaridad, extender una mano al que la necesita.<\/p>\n<p style=\"text-align: justify;\">El comedor de los ni\u00f1os que conduce Irma, sigue necesitando de todos, y el ser solidario no termina en ser un nexo entre el donante y el comedor, sino que como ya lo he mencionado anteriormente, es necesario tambi\u00e9n poner el cuerpo, por eso destaco el trabajo de todos los que adem\u00e1s de llevar alimentos, ropa y lo que necesita el comedor, dedican un poco de su tiempo, y m\u00e1s cuando hay quienes sin decirlo van por los ni\u00f1os a\u00fan cuando su salud no los acompa\u00f1a, porque ese es el compromiso solidario, dar desde el coraz\u00f3n, poniendo el cuerpo por esos ni\u00f1os que no entienden que a muchos que s\u00ed comen todos los d\u00edas, no les importa si se van a dormir con la panza vac\u00eda.<\/p>\n<p style=\"text-align: justify;\">Desde este medio, no nos vamos a cansar de destacar el trabajo de todos los que est\u00e1n apoyando el comedor, de Sandra que cuando su salud se lo permite est\u00e1 brindando su granito de arena, de Mily que difunde desde las redes y la radio las necesidades del comedor, que tambi\u00e9n brinda su tiempo con las colectas y las visitas, del grupo 1 litro de leche por mes Avellaneda que realiza un trabajo constante por el comedor, a Gerardo\u00a0un remisero que muchas veces brinda su tiempo para acercar las donaciones,\u00a0a la Dra. Valeria Carreras que desde El Sindical Radio y su militancia pol\u00edtica es una gran colaborador y difusora del trabajo de S\u00ed se puede, a la familia de Irma que pone su tiempo, su casa, para atender a los ni\u00f1os.<\/p>\n<p style=\"text-align: justify;\">Quienes nos siguen desde hace a\u00f1os, saben que El Sindical es un medio independiente, que destaca lo bueno y lo malo de la gesti\u00f3n en turno, pero puntualmente en temas sociales y que involucran a menores ponemos especial atenci\u00f3n en todo, en que sean los ni\u00f1os los que reciban todo lo que se les dona, y no uso la palabra beneficiados, porque los chicos necesitan m\u00e1s, necesitan que dejemos de lado la mezquindad y la tonter\u00eda de algunos resentidos que solo saben tirar mierda, y esto es as\u00ed porque nada mejor que hacerles creer a los humildes que los \u00fanicos buenos son ellos y fomentar el clientelismo. \u00bfCu\u00e1ntos pol\u00edticos de barro sobrevivir\u00edan en una sociedad m\u00e1s equitativa?.<\/p>\n<p style=\"text-align: justify;\">Si queremos una sociedad m\u00e1s sana, m\u00e1s segura, m\u00e1s hermana, entonces hay que remangarse y trabajar todos los d\u00edas respetar el mensaje de la presidenta de la Naci\u00f3n del Proyecto Nacional y Popular que es para Todos. Vale la pena traer a la memoria estas palabras de la presidente Cristina Fern\u00e1ndez de Kirchner <em><strong>\u00ab\u201cSi ese proyecto es el de un pa\u00eds que crece, que incluye, que\u00a0 protege, que brinda, que repara, es entonces el camino que alguna vez\u00a0 so\u00f1amos cuando \u00e9ramos muy j\u00f3venes. Ustedes tienen una inmensa suerte de\u00a0 vivir en democracia plena, donde cada uno puede decir, hablar y sentir\u00a0 lo que quiera, esto es algo maravilloso\u201d.<\/strong><\/em><\/p>\n<p style=\"text-align: justify;\">El grupo solidario S\u00ed se puede, realiza tambi\u00e9n donaciones y colabora articulando con el grupo <a href=\"https:\/\/www.facebook.com\/donaciones.proyectossolidarios?fref=ts\">Proyectos Solidarios<\/a>, integrado por Silvia, Vanesa y Estela entre otros miembros, haciendo llegar a los internos de los hospitales neuropsiqui\u00e1tricos Borda\u00a0y Moyano, ropa e\u00a0insumos de higiene personal, para este grupo que adem\u00e1s de llevarles las donaciones, suplen el afecto de los pacientes que hace tiempo no reciben visitas.<\/p>\n<p style=\"text-align: justify;\">La repercusi\u00f3n del trabajo del grupo hace que se articule las donaciones con otros grupos o sectores necesitados sin importar la ubicaci\u00f3n geogr\u00e1fica del mismo, porque como dec\u00eda Eva Per\u00f3n, \u00abDonde hay una necesidad, nace un derecho.\u00bb<\/p>\n<p style=\"text-align: justify;\">Solidaridad no es solo dar, es estar, acompa\u00f1ar, compartir y ver al otro como un igual. Solo nos diferencia una circunstancia de la vida.<\/p>\n<p style=\"text-align: justify;\">Para colaborar existen muchas formas de ponerte en contacto:<\/p>\n<p style=\"text-align: justify;\"><a href=\"mailto:info@elsindical.com.ar\">info@elsindical.com.ar<\/a><\/p>\n<p style=\"text-align: justify;\"><a href=\"mailto:Sandra@elsindical.com.ar\">Sandra@elsindical.com.ar<\/a><\/p>\n<p style=\"text-align: justify;\"><a href=\"mailto:sisepuedeavellaneda@gmail.com\">sisepuedeavellaneda@gmail.com<\/a><\/p>\n<p style=\"text-align: justify;\">En Facebook Si se puede (grupo solidario), <a href=\"http:\/\/www.sisepuedeavellaneda.blogspot.com\">www.sisepuedeavellaneda.blogspot.com<\/a> , <a href=\"http:\/\/www.elsindical.com.ar\">www.elsindical.com.ar<\/a><\/p>\n\n\t\t<style>\n\t\t\t#gallery-1 {\n\t\t\t\tmargin: auto;\n\t\t\t}\n\t\t\t#gallery-1 .gallery-item {\n\t\t\t\tfloat: left;\n\t\t\t\tmargin-top: 10px;\n\t\t\t\ttext-align: center;\n\t\t\t\twidth: 33%;\n\t\t\t}\n\t\t\t#gallery-1 img {\n\t\t\t\tborder: 2px solid #cfcfcf;\n\t\t\t}\n\t\t\t#gallery-1 .gallery-caption {\n\t\t\t\tmargin-left: 0;\n\t\t\t}\n\t\t\t\/* see gallery_shortcode() in wp-includes\/media.php *\/\n\t\t<\/style>\n\t\t<div id='gallery-1' class='gallery galleryid-34379 gallery-columns-3 gallery-size-thumbnail'><dl class='gallery-item'>\n\t\t\t<dt class='gallery-icon landscape'>\n\t\t\t\t<a href='https:\/\/www.elsindical.com.ar\/notas\/visita-al-comedor-una-esperanza-para-los-ninos-de-avellaneda\/comedor-irma-01-2\/#main'><img loading=\"lazy\" decoding=\"async\" width=\"150\" height=\"150\" src=\"https:\/\/www.elsindical.com.ar\/notas\/var\/www\/html\/notas\/wp-content\/uploads\/2013\/05\/comedor-Irma-011-150x150.jpg\" class=\"attachment-thumbnail size-thumbnail\" alt=\"\" \/><\/a>\n\t\t\t<\/dt><\/dl><dl class='gallery-item'>\n\t\t\t<dt class='gallery-icon landscape'>\n\t\t\t\t<a href='https:\/\/www.elsindical.com.ar\/notas\/visita-al-comedor-una-esperanza-para-los-ninos-de-avellaneda\/comedor-irma-02\/#main'><img loading=\"lazy\" decoding=\"async\" width=\"150\" height=\"150\" src=\"https:\/\/www.elsindical.com.ar\/notas\/var\/www\/html\/notas\/wp-content\/uploads\/2013\/05\/comedor-Irma-02-150x150.jpg\" class=\"attachment-thumbnail size-thumbnail\" alt=\"\" \/><\/a>\n\t\t\t<\/dt><\/dl><dl class='gallery-item'>\n\t\t\t<dt class='gallery-icon landscape'>\n\t\t\t\t<a href='https:\/\/www.elsindical.com.ar\/notas\/visita-al-comedor-una-esperanza-para-los-ninos-de-avellaneda\/comedor-irma-03\/#main'><img loading=\"lazy\" decoding=\"async\" width=\"150\" height=\"150\" src=\"https:\/\/www.elsindical.com.ar\/notas\/var\/www\/html\/notas\/wp-content\/uploads\/2013\/05\/comedor-Irma-03-150x150.jpg\" class=\"attachment-thumbnail size-thumbnail\" alt=\"\" \/><\/a>\n\t\t\t<\/dt><\/dl><br style=\"clear: both\" \/><dl class='gallery-item'>\n\t\t\t<dt class='gallery-icon landscape'>\n\t\t\t\t<a href='https:\/\/www.elsindical.com.ar\/notas\/visita-al-comedor-una-esperanza-para-los-ninos-de-avellaneda\/comedor-irma-04\/#main'><img loading=\"lazy\" decoding=\"async\" width=\"150\" height=\"150\" src=\"https:\/\/www.elsindical.com.ar\/notas\/var\/www\/html\/notas\/wp-content\/uploads\/2013\/05\/comedor-Irma-04-150x150.jpg\" class=\"attachment-thumbnail size-thumbnail\" alt=\"\" \/><\/a>\n\t\t\t<\/dt><\/dl><dl class='gallery-item'>\n\t\t\t<dt class='gallery-icon landscape'>\n\t\t\t\t<a href='https:\/\/www.elsindical.com.ar\/notas\/visita-al-comedor-una-esperanza-para-los-ninos-de-avellaneda\/comedor-irma-05\/#main'><img loading=\"lazy\" decoding=\"async\" width=\"150\" height=\"150\" src=\"https:\/\/www.elsindical.com.ar\/notas\/var\/www\/html\/notas\/wp-content\/uploads\/2013\/05\/comedor-Irma-05-150x150.jpg\" class=\"attachment-thumbnail size-thumbnail\" alt=\"\" \/><\/a>\n\t\t\t<\/dt><\/dl><dl class='gallery-item'>\n\t\t\t<dt class='gallery-icon landscape'>\n\t\t\t\t<a href='https:\/\/www.elsindical.com.ar\/notas\/visita-al-comedor-una-esperanza-para-los-ninos-de-avellaneda\/comedor-irma-06\/#main'><img loading=\"lazy\" decoding=\"async\" width=\"150\" height=\"150\" src=\"https:\/\/www.elsindical.com.ar\/notas\/var\/www\/html\/notas\/wp-content\/uploads\/2013\/05\/comedor-Irma-06-150x150.jpg\" class=\"attachment-thumbnail size-thumbnail\" alt=\"\" \/><\/a>\n\t\t\t<\/dt><\/dl><br style=\"clear: both\" \/>\n\t\t<\/div>\n\n","protected":false},"excerpt":{"rendered":"<p>\u00a0\u00a0 Continuando con el apoyo a las acciones solidarias, este martes 30 de abril, concurrimos acompa\u00f1ando al grupo solidario \u00abS\u00ed se puede\u00bb al comedor \u00abUna esperanza para los ni\u00f1os\u00bb de Wilde, partido de Avellaneda. El motivo era el de poder ayudar a Irma con la cena para los ni\u00f1os y apoyarla en estos momentos en&hellip;<\/p>\n","protected":false},"author":1,"featured_media":0,"comment_status":"open","ping_status":"open","sticky":false,"template":"","format":"standard","meta":{"footnotes":""},"categories":[26],"tags":[461,15983,12580,15710],"class_list":["post-34379","post","type-post","status-publish","format-standard","hentry","category-solidaridad","tag-avellaneda","tag-comedor-una-esperanza-para-los-ninos","tag-donaciones","tag-sandra-rodriguez-orfila"],"_links":{"self":[{"href":"https:\/\/www.elsindical.com.ar\/notas\/wp-json\/wp\/v2\/posts\/34379","targetHints":{"allow":["GET"]}}],"collection":[{"href":"https:\/\/www.elsindical.com.ar\/notas\/wp-json\/wp\/v2\/posts"}],"about":[{"href":"https:\/\/www.elsindical.com.ar\/notas\/wp-json\/wp\/v2\/types\/post"}],"author":[{"embeddable":true,"href":"https:\/\/www.elsindical.com.ar\/notas\/wp-json\/wp\/v2\/users\/1"}],"replies":[{"embeddable":true,"href":"https:\/\/www.elsindical.com.ar\/notas\/wp-json\/wp\/v2\/comments?post=34379"}],"version-history":[{"count":11,"href":"https:\/\/www.elsindical.com.ar\/notas\/wp-json\/wp\/v2\/posts\/34379\/revisions"}],"predecessor-version":[{"id":34396,"href":"https:\/\/www.elsindical.com.ar\/notas\/wp-json\/wp\/v2\/posts\/34379\/revisions\/34396"}],"wp:attachment":[{"href":"https:\/\/www.elsindical.com.ar\/notas\/wp-json\/wp\/v2\/media?parent=34379"}],"wp:term":[{"taxonomy":"category","embeddable":true,"href":"https:\/\/www.elsindical.com.ar\/notas\/wp-json\/wp\/v2\/categories?post=34379"},{"taxonomy":"post_tag","embeddable":true,"href":"https:\/\/www.elsindical.com.ar\/notas\/wp-json\/wp\/v2\/tags?post=34379"}],"curies":[{"name":"wp","href":"https:\/\/api.w.org\/{rel}","templated":true}]}}