{"id":34365,"date":"2013-05-01T08:49:46","date_gmt":"2013-05-01T11:49:46","guid":{"rendered":"http:\/\/www.elsindical.com.ar\/notas\/?p=34365"},"modified":"2013-05-01T08:49:46","modified_gmt":"2013-05-01T11:49:46","slug":"palermoasaltan-a-fernando-burlando-y-lo-dejan-a-pie","status":"publish","type":"post","link":"https:\/\/www.elsindical.com.ar\/notas\/palermoasaltan-a-fernando-burlando-y-lo-dejan-a-pie\/","title":{"rendered":"Palermo:Asaltan a Fernando Burlando y lo dejan a pie"},"content":{"rendered":"<p style=\"text-align: justify;\"><em><a href=\"http:\/\/www.elsindical.com.ar\/notas\/var\/www\/html\/notas\/wp-content\/uploads\/2013\/05\/Fernando-Burlando-declaraciones.jpg\"><img loading=\"lazy\" decoding=\"async\" class=\"alignleft size-medium wp-image-34366\" alt=\"Fernando-Burlando-declaraciones\" src=\"http:\/\/www.elsindical.com.ar\/notas\/var\/www\/html\/notas\/wp-content\/uploads\/2013\/05\/Fernando-Burlando-declaraciones-300x168.jpg\" width=\"300\" height=\"168\" srcset=\"https:\/\/www.elsindical.com.ar\/notas\/var\/www\/html\/notas\/wp-content\/uploads\/2013\/05\/Fernando-Burlando-declaraciones-300x168.jpg 300w, https:\/\/www.elsindical.com.ar\/notas\/var\/www\/html\/notas\/wp-content\/uploads\/2013\/05\/Fernando-Burlando-declaraciones-500x280.jpg 500w, https:\/\/www.elsindical.com.ar\/notas\/var\/www\/html\/notas\/wp-content\/uploads\/2013\/05\/Fernando-Burlando-declaraciones.jpg 502w\" sizes=\"auto, (max-width: 300px) 100vw, 300px\" \/><\/a>Cuatro delincuentes a bordo de un BMW interceptaron al abogado en Humboldt y Charcas y le robaron su Porsche Carrera. El veh\u00edculo de los ladrones apareci\u00f3 en Juan B. Justo y Santa Fe. En tanto, el lujoso auto de Burlando fue abandonado en Balvanera.<\/em><\/p>\n<p style=\"text-align: justify;\">El reconocido abogado Fernando Burlando fue asaltado anoche en Palermo Hollywood y los delincuentes le robaron su Porsche Carrera, que horas despu\u00e9s apareci\u00f3 en el barrio porte\u00f1o de Balvanera.<\/p>\n<p style=\"text-align: justify;\">Seg\u00fan se inform\u00f3, cuatro delincuentes a bordo de un BMW interceptaron al letrado en la esquina de Humboldt y Charcas y le robaron su lujoso auto.<\/p>\n<p style=\"text-align: justify;\">Las mismas fuentes consultadas agregaron que horas despu\u00e9s, el veh\u00edculo de los ladrones apareci\u00f3 a pocas cuadras, en Juan B. Justo y Santa Fe.<\/p>\n<p style=\"text-align: justify;\">En tanto, esta ma\u00f1ana el lujoso auto de Burlando fue hallado en Paso al 600. Personal de la Polic\u00eda Cient\u00edfica trabaja sobre el veh\u00edculo para realizarle una serie de peritajes.<\/p>\n","protected":false},"excerpt":{"rendered":"<p>Cuatro delincuentes a bordo de un BMW interceptaron al abogado en Humboldt y Charcas y le robaron su Porsche Carrera. El veh\u00edculo de los ladrones apareci\u00f3 en Juan B. Justo y Santa Fe. En tanto, el lujoso auto de Burlando fue abandonado en Balvanera. El reconocido abogado Fernando Burlando fue asaltado anoche en Palermo Hollywood&hellip;<\/p>\n","protected":false},"author":1,"featured_media":0,"comment_status":"open","ping_status":"open","sticky":false,"template":"","format":"standard","meta":{"footnotes":""},"categories":[22],"tags":[501,2836,4080,1337,30,15981,116],"class_list":["post-34365","post","type-post","status-publish","format-standard","hentry","category-policiales","tag-abogado","tag-bmw","tag-fernando-burlando","tag-palermo","tag-policia","tag-porsche-carrera","tag-robo"],"_links":{"self":[{"href":"https:\/\/www.elsindical.com.ar\/notas\/wp-json\/wp\/v2\/posts\/34365","targetHints":{"allow":["GET"]}}],"collection":[{"href":"https:\/\/www.elsindical.com.ar\/notas\/wp-json\/wp\/v2\/posts"}],"about":[{"href":"https:\/\/www.elsindical.com.ar\/notas\/wp-json\/wp\/v2\/types\/post"}],"author":[{"embeddable":true,"href":"https:\/\/www.elsindical.com.ar\/notas\/wp-json\/wp\/v2\/users\/1"}],"replies":[{"embeddable":true,"href":"https:\/\/www.elsindical.com.ar\/notas\/wp-json\/wp\/v2\/comments?post=34365"}],"version-history":[{"count":1,"href":"https:\/\/www.elsindical.com.ar\/notas\/wp-json\/wp\/v2\/posts\/34365\/revisions"}],"predecessor-version":[{"id":34367,"href":"https:\/\/www.elsindical.com.ar\/notas\/wp-json\/wp\/v2\/posts\/34365\/revisions\/34367"}],"wp:attachment":[{"href":"https:\/\/www.elsindical.com.ar\/notas\/wp-json\/wp\/v2\/media?parent=34365"}],"wp:term":[{"taxonomy":"category","embeddable":true,"href":"https:\/\/www.elsindical.com.ar\/notas\/wp-json\/wp\/v2\/categories?post=34365"},{"taxonomy":"post_tag","embeddable":true,"href":"https:\/\/www.elsindical.com.ar\/notas\/wp-json\/wp\/v2\/tags?post=34365"}],"curies":[{"name":"wp","href":"https:\/\/api.w.org\/{rel}","templated":true}]}}