{"id":34300,"date":"2013-04-27T14:44:17","date_gmt":"2013-04-27T17:44:17","guid":{"rendered":"http:\/\/www.elsindical.com.ar\/notas\/?p=34300"},"modified":"2013-04-27T14:44:17","modified_gmt":"2013-04-27T17:44:17","slug":"el-indio-solari-tocara-por-primera-vez-en-mendoza","status":"publish","type":"post","link":"https:\/\/www.elsindical.com.ar\/notas\/el-indio-solari-tocara-por-primera-vez-en-mendoza\/","title":{"rendered":"El Indio Solari tocar\u00e1 por primera vez en Mendoza"},"content":{"rendered":"<p style=\"text-align: justify;\"><em><a href=\"http:\/\/www.elsindical.com.ar\/notas\/var\/www\/html\/notas\/wp-content\/uploads\/2013\/04\/Indio-Solari.jpg\"><img loading=\"lazy\" decoding=\"async\" class=\"alignleft size-medium wp-image-34301\" alt=\"Indio-Solari\" src=\"http:\/\/www.elsindical.com.ar\/notas\/var\/www\/html\/notas\/wp-content\/uploads\/2013\/04\/Indio-Solari-300x141.jpg\" width=\"300\" height=\"141\" srcset=\"https:\/\/www.elsindical.com.ar\/notas\/var\/www\/html\/notas\/wp-content\/uploads\/2013\/04\/Indio-Solari-300x141.jpg 300w, https:\/\/www.elsindical.com.ar\/notas\/var\/www\/html\/notas\/wp-content\/uploads\/2013\/04\/Indio-Solari-500x235.jpg 500w, https:\/\/www.elsindical.com.ar\/notas\/var\/www\/html\/notas\/wp-content\/uploads\/2013\/04\/Indio-Solari.jpg 502w\" sizes=\"auto, (max-width: 300px) 100vw, 300px\" \/><\/a>Ser\u00e1 el 14 de septiembre, seg\u00fan anunci\u00f3 el Gobernador Francisco \u00abPaco\u00bb P\u00e9rez.<\/em><\/p>\n<p style=\"text-align: justify;\">El estadio Malvinas Argentinas ser\u00e1 el escenario para el primer show del <strong>Indio Solari<\/strong> en la provincia de Mendoza, para el que ya se calculan cerca de 80 mil espectadores.<\/p>\n<p style=\"text-align: justify;\">La noticia la dio nada menos que el Gobernador Francisco \u00abPaco\u00bb P\u00e9rez a trav\u00e9s de su cuenta de <em>Twitter<\/em>: <strong>\u00abFeliz de anunciar un espect\u00e1culo de rock que muchos esper\u00e1bamos. El Indio Solari toca en Mendoza!!\u00bb<\/strong>.<\/p>\n<p style=\"text-align: justify;\">Si bien no agreg\u00f3 mayores detalles, explic\u00f3 que no habr\u00e1 cachet de parte de la gobernaci\u00f3n sino que el show ser\u00e1 financiado por una productora independiente.<\/p>\n<p style=\"text-align: justify;\">Las entradas se pondr\u00e1n a la venta a partir del mes de julio, por lo que los organizadores hicieron foco en que cualquier ticket que se ofrezca antes \u00abno ser\u00e1 oficial\u00bb.<\/p>\n<p style=\"text-align: justify;\">La \u00faltima presentaci\u00f3n del int\u00e9rprete de temas como <em>Ji Ji Ji<\/em>\u00a0y <em>Mi perro dinamita<\/em>\u00a0fue en el a\u00f1o 2011 en Tandil, y convoc\u00f3 a m\u00e1s de 90 mil fan\u00e1ticos.<\/p>\n<p style=\"text-align: justify;\">Por su parte el manager del ex l\u00edder de Patricio Rey y sus Redonditos de Ricota, publico: \u00abNos espera la ciudad de Mendoza, exuberante, hermosa y muy ciudada por su gente. Hagamos una fiesta de esta oportunidad de estar juntos\u00bb.<\/p>\n","protected":false},"excerpt":{"rendered":"<p>Ser\u00e1 el 14 de septiembre, seg\u00fan anunci\u00f3 el Gobernador Francisco \u00abPaco\u00bb P\u00e9rez. El estadio Malvinas Argentinas ser\u00e1 el escenario para el primer show del Indio Solari en la provincia de Mendoza, para el que ya se calculan cerca de 80 mil espectadores. La noticia la dio nada menos que el Gobernador Francisco \u00abPaco\u00bb P\u00e9rez a&hellip;<\/p>\n","protected":false},"author":1,"featured_media":0,"comment_status":"open","ping_status":"open","sticky":false,"template":"","format":"standard","meta":{"footnotes":""},"categories":[15],"tags":[],"class_list":["post-34300","post","type-post","status-publish","format-standard","hentry","category-espectaculos"],"_links":{"self":[{"href":"https:\/\/www.elsindical.com.ar\/notas\/wp-json\/wp\/v2\/posts\/34300","targetHints":{"allow":["GET"]}}],"collection":[{"href":"https:\/\/www.elsindical.com.ar\/notas\/wp-json\/wp\/v2\/posts"}],"about":[{"href":"https:\/\/www.elsindical.com.ar\/notas\/wp-json\/wp\/v2\/types\/post"}],"author":[{"embeddable":true,"href":"https:\/\/www.elsindical.com.ar\/notas\/wp-json\/wp\/v2\/users\/1"}],"replies":[{"embeddable":true,"href":"https:\/\/www.elsindical.com.ar\/notas\/wp-json\/wp\/v2\/comments?post=34300"}],"version-history":[{"count":1,"href":"https:\/\/www.elsindical.com.ar\/notas\/wp-json\/wp\/v2\/posts\/34300\/revisions"}],"predecessor-version":[{"id":34302,"href":"https:\/\/www.elsindical.com.ar\/notas\/wp-json\/wp\/v2\/posts\/34300\/revisions\/34302"}],"wp:attachment":[{"href":"https:\/\/www.elsindical.com.ar\/notas\/wp-json\/wp\/v2\/media?parent=34300"}],"wp:term":[{"taxonomy":"category","embeddable":true,"href":"https:\/\/www.elsindical.com.ar\/notas\/wp-json\/wp\/v2\/categories?post=34300"},{"taxonomy":"post_tag","embeddable":true,"href":"https:\/\/www.elsindical.com.ar\/notas\/wp-json\/wp\/v2\/tags?post=34300"}],"curies":[{"name":"wp","href":"https:\/\/api.w.org\/{rel}","templated":true}]}}