{"id":34297,"date":"2013-04-27T12:55:55","date_gmt":"2013-04-27T15:55:55","guid":{"rendered":"http:\/\/www.elsindical.com.ar\/notas\/?p=34297"},"modified":"2013-04-27T12:55:55","modified_gmt":"2013-04-27T15:55:55","slug":"sturzeneggerlorenzino-se-quebro-porque-no-puede-vivir-con-la-mentira","status":"publish","type":"post","link":"https:\/\/www.elsindical.com.ar\/notas\/sturzeneggerlorenzino-se-quebro-porque-no-puede-vivir-con-la-mentira\/","title":{"rendered":"Sturzenegger:\u00bbLorenzino se quebr\u00f3 porque no puede vivir con la mentira\u00bb"},"content":{"rendered":"<div style=\"text-align: justify;\">\n<p><em><a href=\"http:\/\/www.elsindical.com.ar\/notas\/var\/www\/html\/notas\/wp-content\/uploads\/2013\/01\/Federico-Sturzenegger-oficina.jpg\"><img loading=\"lazy\" decoding=\"async\" class=\"alignleft size-medium wp-image-32029\" alt=\"Federico-Sturzenegger-oficina\" src=\"http:\/\/www.elsindical.com.ar\/notas\/var\/www\/html\/notas\/wp-content\/uploads\/2013\/01\/Federico-Sturzenegger-oficina-300x188.jpg\" width=\"300\" height=\"188\" srcset=\"https:\/\/www.elsindical.com.ar\/notas\/var\/www\/html\/notas\/wp-content\/uploads\/2013\/01\/Federico-Sturzenegger-oficina-300x188.jpg 300w, https:\/\/www.elsindical.com.ar\/notas\/var\/www\/html\/notas\/wp-content\/uploads\/2013\/01\/Federico-Sturzenegger-oficina.jpg 428w\" sizes=\"auto, (max-width: 300px) 100vw, 300px\" \/><\/a>Lo asegur\u00f3 <strong>Federico\u00a0<\/strong><strong>Sturzenegger<\/strong>, titular del Banco Ciudad. \u00abLa inflaci\u00f3n es un problema muy grande y el video lo demuestra\u00bb, dijo. Tambi\u00e9n habl\u00f3 del alza del d\u00f3lar: <strong>\u00abAnticipamos en enero que llegar\u00eda a $9\u00bb<\/strong>. Plante\u00f3 <strong>abrir el cepo<\/strong>.<\/em><\/p>\n<p>El papel\u00f3n que protagoniz\u00f3 el ministro de Econom\u00eda <strong>Hern\u00e1n Lorenzino<\/strong>, quien pidi\u00f3 irse en medio de un reportaje y se enoj\u00f3 con la periodista que lo estaba entrevistando porque le pregunt\u00f3 sobre la inflaci\u00f3n, sigue sumando cr\u00edticas.<\/p>\n<p><strong>\u00abLorenzino se quebr\u00f3 porque no puede vivir con la mentira\u00bb<\/strong>, asegur\u00f3 el presidente del Banco Ciudad, <strong>Federico\u00a0Sturzenegger<\/strong>.<\/p>\n<p>En declaraciones a <em>Radio Mitre<\/em>, el funcionario macrista se\u00f1al\u00f3 que en el momento que el ministro fue consultado \u00abcon una pregunta b\u00e1sica, se encontr\u00f3 con la mentira de una manera muy evidente y se quebr\u00f3\u00bb.<\/p>\n<p>Sturzenegger no sabe si Lorenzino va a dejar su cargo, pero si reclam\u00f3 que \u201cse deje de mentir\u201d. \u201cEs toda una locura que no podemos vivir; los funcionarios tratando de inventar una realidad que no existe\u00bb, agreg\u00f3<\/p>\n<p>Para el funcionario porte\u00f1o, en el video queda claro que <strong>\u00abnadie se anima a decirle nada a la Presidente, entonces es muy dif\u00edcil que podamos abordar los problemas\u00bb<\/strong>.<\/p>\n<p>\u00abEstamos hablando de un ministro que dice: &#8216;tan descaradamente no puedo mentir'\u00bb, a\u00f1adi\u00f3.<\/p>\n<p>Escalada del d\u00f3lar<\/p>\n<p>Sturzenegger habl\u00f3 tambi\u00e9n del alza del tipo de cambio, que ayer lleg\u00f3 en el mercado paralelo a 9,34 pesos. El economista y presidente del Banco Ciudad, record\u00f3 que en enero anticiparon en un informe que <strong>\u00abel d\u00f3lar iba a estar a 9 pesos a fin de a\u00f1o y en ese momento nos acusaron de golpistas\u00bb.<\/strong><\/p>\n<p>\u00abEsta es la cosa m\u00e1s previsible que hay, ac\u00e1 hay una pol\u00edticas de destrucci\u00f3n sistem\u00e1tica del peso\u00bb, sostuvo y advirti\u00f3 que la brecha entre el d\u00f3lar oficial y el blue <strong>\u00abya est\u00e1 a punto de duplicarse\u00bb<\/strong>.<\/p>\n<p>Seg\u00fan consider\u00f3, la presi\u00f3n sobre la divisa es porque hay demasiados pesos. \u00abAc\u00e1 no estamos hablando de que el d\u00f3lar sube, sino que el peso va perdiendo valor, porque hay demasiados (pesos)\u00bb, afirm\u00f3.<\/p>\n<p>Sturzenegger advirti\u00f3 que <strong>\u00abla gente trata de sacarse los pesos de encima por el nivel de p\u00e9rdida de valor adquisitivo; mientras siga habiendo cada vez m\u00e1s pesos, va a ir cayendo su valor\u00bb<\/strong>.<\/p>\n<p>Para el funcionario macrista, \u00abdesde 1980 a esta parte, el d\u00f3lar subi\u00f3 much\u00edsimas veces\u201d, y reclam\u00f3 \u201cdejar de inventar cosas estramb\u00f3ticas, <strong>dejar de perseguir a la gente<\/strong>\u00ab.<\/p>\n<p>Para concluir, insinu\u00f3 que la moneda norteamericana puede seguir aumentando. \u00abPodemos llegar a cualquier lado, hasta donde esa pol\u00edtica (del Gobierno nacional) siga\u00bb, afirm\u00f3 y manifest\u00f3 que una de las alternativas para<strong> descomprimir la presi\u00f3n sobre el tipo de cambio ser\u00eda \u201cabrir el cepo cambiario\u201d<\/strong>.<\/p>\n<\/div>\n","protected":false},"excerpt":{"rendered":"<p>Lo asegur\u00f3 Federico\u00a0Sturzenegger, titular del Banco Ciudad. \u00abLa inflaci\u00f3n es un problema muy grande y el video lo demuestra\u00bb, dijo. Tambi\u00e9n habl\u00f3 del alza del d\u00f3lar: \u00abAnticipamos en enero que llegar\u00eda a $9\u00bb. Plante\u00f3 abrir el cepo. El papel\u00f3n que protagoniz\u00f3 el ministro de Econom\u00eda Hern\u00e1n Lorenzino, quien pidi\u00f3 irse en medio de un reportaje&hellip;<\/p>\n","protected":false},"author":1,"featured_media":0,"comment_status":"open","ping_status":"open","sticky":false,"template":"","format":"standard","meta":{"footnotes":""},"categories":[13],"tags":[35,12735,37,12279,11417],"class_list":["post-34297","post","type-post","status-publish","format-standard","hentry","category-politica","tag-banco-ciudad","tag-cepo","tag-federico-sturzenegger","tag-hernan-lorenzino","tag-radio-mitre"],"_links":{"self":[{"href":"https:\/\/www.elsindical.com.ar\/notas\/wp-json\/wp\/v2\/posts\/34297","targetHints":{"allow":["GET"]}}],"collection":[{"href":"https:\/\/www.elsindical.com.ar\/notas\/wp-json\/wp\/v2\/posts"}],"about":[{"href":"https:\/\/www.elsindical.com.ar\/notas\/wp-json\/wp\/v2\/types\/post"}],"author":[{"embeddable":true,"href":"https:\/\/www.elsindical.com.ar\/notas\/wp-json\/wp\/v2\/users\/1"}],"replies":[{"embeddable":true,"href":"https:\/\/www.elsindical.com.ar\/notas\/wp-json\/wp\/v2\/comments?post=34297"}],"version-history":[{"count":2,"href":"https:\/\/www.elsindical.com.ar\/notas\/wp-json\/wp\/v2\/posts\/34297\/revisions"}],"predecessor-version":[{"id":34299,"href":"https:\/\/www.elsindical.com.ar\/notas\/wp-json\/wp\/v2\/posts\/34297\/revisions\/34299"}],"wp:attachment":[{"href":"https:\/\/www.elsindical.com.ar\/notas\/wp-json\/wp\/v2\/media?parent=34297"}],"wp:term":[{"taxonomy":"category","embeddable":true,"href":"https:\/\/www.elsindical.com.ar\/notas\/wp-json\/wp\/v2\/categories?post=34297"},{"taxonomy":"post_tag","embeddable":true,"href":"https:\/\/www.elsindical.com.ar\/notas\/wp-json\/wp\/v2\/tags?post=34297"}],"curies":[{"name":"wp","href":"https:\/\/api.w.org\/{rel}","templated":true}]}}