{"id":34275,"date":"2013-04-26T10:30:10","date_gmt":"2013-04-26T13:30:10","guid":{"rendered":"http:\/\/www.elsindical.com.ar\/notas\/?p=34275"},"modified":"2013-04-26T10:30:10","modified_gmt":"2013-04-26T13:30:10","slug":"la-matanzaasesinan-a-un-hombre-para-robarle-el-auto-en-san-justo","status":"publish","type":"post","link":"https:\/\/www.elsindical.com.ar\/notas\/la-matanzaasesinan-a-un-hombre-para-robarle-el-auto-en-san-justo\/","title":{"rendered":"La Matanza:Asesinan a un hombre para robarle el auto en San Justo"},"content":{"rendered":"<p style=\"text-align: justify;\"><em><a href=\"http:\/\/www.elsindical.com.ar\/notas\/var\/www\/html\/notas\/wp-content\/uploads\/2013\/04\/repartidor-asesinado.jpg\"><img loading=\"lazy\" decoding=\"async\" class=\"alignleft size-medium wp-image-34276\" alt=\"repartidor-asesinado\" src=\"http:\/\/www.elsindical.com.ar\/notas\/var\/www\/html\/notas\/wp-content\/uploads\/2013\/04\/repartidor-asesinado-300x199.jpg\" width=\"300\" height=\"199\" srcset=\"https:\/\/www.elsindical.com.ar\/notas\/var\/www\/html\/notas\/wp-content\/uploads\/2013\/04\/repartidor-asesinado-300x199.jpg 300w, https:\/\/www.elsindical.com.ar\/notas\/var\/www\/html\/notas\/wp-content\/uploads\/2013\/04\/repartidor-asesinado-450x300.jpg 450w, https:\/\/www.elsindical.com.ar\/notas\/var\/www\/html\/notas\/wp-content\/uploads\/2013\/04\/repartidor-asesinado.jpg 502w\" sizes=\"auto, (max-width: 300px) 100vw, 300px\" \/><\/a>Un hombre de 30 a\u00f1os fue asesinado en las \u00faltimas horas de varios balazos al resistirse al robo de su auto cuando lleg\u00f3 a la casa de sus padres en la localidad bonaerense de San Justo, partido de La Matanza.<\/em><\/p>\n<p style=\"text-align: justify;\">El hecho se produjo la pasada medianoche en la esquina de Bermejo y Condarco, cuando Nicol\u00e1s Rodr\u00edguez, padre de una beba de apenas 20 d\u00edas, pas\u00f3 a buscar su camioneta, ya que hace reparto de verduras en la zona.<\/p>\n<p style=\"text-align: justify;\">Seg\u00fan fuentes policiales, \u00abmotochorros\u00bb quisieron robarle el coche, pero la v\u00edctima intent\u00f3 escapar y recibi\u00f3 varios balazos, lo que le produjo la muerte.<\/p>\n","protected":false},"excerpt":{"rendered":"<p>Un hombre de 30 a\u00f1os fue asesinado en las \u00faltimas horas de varios balazos al resistirse al robo de su auto cuando lleg\u00f3 a la casa de sus padres en la localidad bonaerense de San Justo, partido de La Matanza. El hecho se produjo la pasada medianoche en la esquina de Bermejo y Condarco, cuando&hellip;<\/p>\n","protected":false},"author":1,"featured_media":0,"comment_status":"open","ping_status":"open","sticky":false,"template":"","format":"standard","meta":{"footnotes":""},"categories":[22],"tags":[363,1401,308,15946,30,116,2072],"class_list":["post-34275","post","type-post","status-publish","format-standard","hentry","category-policiales","tag-asesinato","tag-la-matanza","tag-motochorros","tag-nicolas-rodriguez","tag-policia","tag-robo","tag-san-justo"],"_links":{"self":[{"href":"https:\/\/www.elsindical.com.ar\/notas\/wp-json\/wp\/v2\/posts\/34275","targetHints":{"allow":["GET"]}}],"collection":[{"href":"https:\/\/www.elsindical.com.ar\/notas\/wp-json\/wp\/v2\/posts"}],"about":[{"href":"https:\/\/www.elsindical.com.ar\/notas\/wp-json\/wp\/v2\/types\/post"}],"author":[{"embeddable":true,"href":"https:\/\/www.elsindical.com.ar\/notas\/wp-json\/wp\/v2\/users\/1"}],"replies":[{"embeddable":true,"href":"https:\/\/www.elsindical.com.ar\/notas\/wp-json\/wp\/v2\/comments?post=34275"}],"version-history":[{"count":1,"href":"https:\/\/www.elsindical.com.ar\/notas\/wp-json\/wp\/v2\/posts\/34275\/revisions"}],"predecessor-version":[{"id":34277,"href":"https:\/\/www.elsindical.com.ar\/notas\/wp-json\/wp\/v2\/posts\/34275\/revisions\/34277"}],"wp:attachment":[{"href":"https:\/\/www.elsindical.com.ar\/notas\/wp-json\/wp\/v2\/media?parent=34275"}],"wp:term":[{"taxonomy":"category","embeddable":true,"href":"https:\/\/www.elsindical.com.ar\/notas\/wp-json\/wp\/v2\/categories?post=34275"},{"taxonomy":"post_tag","embeddable":true,"href":"https:\/\/www.elsindical.com.ar\/notas\/wp-json\/wp\/v2\/tags?post=34275"}],"curies":[{"name":"wp","href":"https:\/\/api.w.org\/{rel}","templated":true}]}}