{"id":34206,"date":"2013-04-23T21:31:10","date_gmt":"2013-04-24T00:31:10","guid":{"rendered":"http:\/\/www.elsindical.com.ar\/notas\/?p=34206"},"modified":"2013-04-23T21:31:10","modified_gmt":"2013-04-24T00:31:10","slug":"quilmesfueron-a-realizar-un-allanamiento-y-encontraron-un-leon","status":"publish","type":"post","link":"https:\/\/www.elsindical.com.ar\/notas\/quilmesfueron-a-realizar-un-allanamiento-y-encontraron-un-leon\/","title":{"rendered":"Quilmes:Fueron a realizar un allanamiento y encontraron un le\u00f3n"},"content":{"rendered":"<p style=\"text-align: justify;\"><em><a href=\"http:\/\/www.elsindical.com.ar\/notas\/var\/www\/html\/notas\/wp-content\/uploads\/2013\/04\/le\u00f3n-en-Quilmes.jpg\"><img loading=\"lazy\" decoding=\"async\" class=\"alignleft size-medium wp-image-34207\" alt=\"le\u00f3n-en-Quilmes\" src=\"http:\/\/www.elsindical.com.ar\/notas\/var\/www\/html\/notas\/wp-content\/uploads\/2013\/04\/le\u00f3n-en-Quilmes-300x170.jpg\" width=\"300\" height=\"170\" srcset=\"https:\/\/www.elsindical.com.ar\/notas\/var\/www\/html\/notas\/wp-content\/uploads\/2013\/04\/le\u00f3n-en-Quilmes-300x170.jpg 300w, https:\/\/www.elsindical.com.ar\/notas\/var\/www\/html\/notas\/wp-content\/uploads\/2013\/04\/le\u00f3n-en-Quilmes-500x283.jpg 500w, https:\/\/www.elsindical.com.ar\/notas\/var\/www\/html\/notas\/wp-content\/uploads\/2013\/04\/le\u00f3n-en-Quilmes.jpg 502w\" sizes=\"auto, (max-width: 300px) 100vw, 300px\" \/><\/a>El felino fue encontrado en un predio de Quilmes. Ser\u00eda trasladado a un zool\u00f3gico para su cuidado.<\/em><\/p>\n<p style=\"text-align: justify;\">Personal de la municipalidad de Quilmes fue a tomar posesi\u00f3n de un predio inmobiliario pero cuando <b>lleg\u00f3 se encontr\u00f3 con un singular panorama<\/b>: un le\u00f3n y varios caballos junto con veh\u00edculos desguazados y autopartes.<\/p>\n<p style=\"text-align: justify;\">Tal como informa el sitio radiofmq.com, los trabajadores fueron al lugar, ubicado en la avenida <b>Calchaqu\u00ed y Lamadrid<\/b>, que fue adjudicado a la comuna por disposici\u00f3n judicial. Pero flor de sorpresa se llevaron cuando encontraron semejantes regalos.<\/p>\n<p style=\"text-align: justify;\">Adem\u00e1s del le\u00f3n y de los caballos, los municipales hallaron una camioneta Land Rover, con pedido de secuestro, y una Cheverolet \u00faltimo modelo, junto con autopartes y camiones. <b>Se estima que muchos de los objetos encontrados ser\u00edan robados<\/b>.<\/p>\n<p style=\"text-align: justify;\">Algunas fuentes se\u00f1alaron que <b>el felino ser\u00e1 trasladado a un zool\u00f3gico<\/b> para su mejor cuidado.<\/p>\n","protected":false},"excerpt":{"rendered":"<p>El felino fue encontrado en un predio de Quilmes. Ser\u00eda trasladado a un zool\u00f3gico para su cuidado. Personal de la municipalidad de Quilmes fue a tomar posesi\u00f3n de un predio inmobiliario pero cuando lleg\u00f3 se encontr\u00f3 con un singular panorama: un le\u00f3n y varios caballos junto con veh\u00edculos desguazados y autopartes. Tal como informa el&hellip;<\/p>\n","protected":false},"author":1,"featured_media":0,"comment_status":"open","ping_status":"open","sticky":false,"template":"","format":"standard","meta":{"footnotes":""},"categories":[22],"tags":[2936,15834,15917,3558,684,7909],"class_list":["post-34206","post","type-post","status-publish","format-standard","hentry","category-policiales","tag-autopartes","tag-caballos","tag-felino","tag-leon","tag-quilmes","tag-regalos"],"_links":{"self":[{"href":"https:\/\/www.elsindical.com.ar\/notas\/wp-json\/wp\/v2\/posts\/34206","targetHints":{"allow":["GET"]}}],"collection":[{"href":"https:\/\/www.elsindical.com.ar\/notas\/wp-json\/wp\/v2\/posts"}],"about":[{"href":"https:\/\/www.elsindical.com.ar\/notas\/wp-json\/wp\/v2\/types\/post"}],"author":[{"embeddable":true,"href":"https:\/\/www.elsindical.com.ar\/notas\/wp-json\/wp\/v2\/users\/1"}],"replies":[{"embeddable":true,"href":"https:\/\/www.elsindical.com.ar\/notas\/wp-json\/wp\/v2\/comments?post=34206"}],"version-history":[{"count":2,"href":"https:\/\/www.elsindical.com.ar\/notas\/wp-json\/wp\/v2\/posts\/34206\/revisions"}],"predecessor-version":[{"id":34209,"href":"https:\/\/www.elsindical.com.ar\/notas\/wp-json\/wp\/v2\/posts\/34206\/revisions\/34209"}],"wp:attachment":[{"href":"https:\/\/www.elsindical.com.ar\/notas\/wp-json\/wp\/v2\/media?parent=34206"}],"wp:term":[{"taxonomy":"category","embeddable":true,"href":"https:\/\/www.elsindical.com.ar\/notas\/wp-json\/wp\/v2\/categories?post=34206"},{"taxonomy":"post_tag","embeddable":true,"href":"https:\/\/www.elsindical.com.ar\/notas\/wp-json\/wp\/v2\/tags?post=34206"}],"curies":[{"name":"wp","href":"https:\/\/api.w.org\/{rel}","templated":true}]}}