{"id":34134,"date":"2013-04-22T09:25:29","date_gmt":"2013-04-22T12:25:29","guid":{"rendered":"http:\/\/www.elsindical.com.ar\/notas\/?p=34134"},"modified":"2013-04-22T09:25:29","modified_gmt":"2013-04-22T12:25:29","slug":"jose-c-pazasesinan-a-joven-de-un-tiro-luego-de-una-discusion","status":"publish","type":"post","link":"https:\/\/www.elsindical.com.ar\/notas\/jose-c-pazasesinan-a-joven-de-un-tiro-luego-de-una-discusion\/","title":{"rendered":"Jos\u00e9 C.Paz:Asesinan a joven de un tiro luego de una discusi\u00f3n"},"content":{"rendered":"<p style=\"text-align: justify;\"><em><a href=\"http:\/\/www.elsindical.com.ar\/notas\/var\/www\/html\/notas\/wp-content\/uploads\/2010\/05\/disparos-pistola1.jpg\"><img loading=\"lazy\" decoding=\"async\" class=\"alignleft size-full wp-image-6653\" alt=\"disparos-pistola\" src=\"http:\/\/www.elsindical.com.ar\/notas\/var\/www\/html\/notas\/wp-content\/uploads\/2010\/05\/disparos-pistola1.jpg\" width=\"236\" height=\"170\" \/><\/a>Sucedi\u00f3 en Jos\u00e9 C. Paz. La v\u00edctima, de 21 a\u00f1os, se tenz\u00f3 a golpes con otro, quien luego regres\u00f3 con otra persona que le despar\u00f3.<\/em><\/p>\n<p style=\"text-align: justify;\">Un<b> joven de 21 a\u00f1os fue asesinado <\/b>este domingo de un disparo en el pecho en la localidad bonaerense de<b> Jos\u00e9 C. Paz<\/b>, y se investigan las circunstancias del homicidio, informaron fuentes policiales.<\/p>\n<p>El hecho ocurri\u00f3 esta madrugada, alrededor de la 1, en el barrio <b>Favaloro<\/b>, de la mencionada localidad ubicada a 35 kil\u00f3metros de la Capital Federal.<\/p>\n<p>Fuentes policiales informaron que la v\u00edctima, identificada como<b> Brian Gast\u00f3n Villalba<\/b>, mantuvo una discusi\u00f3n con otro joven.<\/p>\n<p>La pelea culmin\u00f3 cuando Villalba le propin\u00f3 varios golpes en el cuerpo del muchacho, quien se fue del lugar y regres\u00f3 con otras personas.<\/p>\n<p>Seg\u00fan las fuentes, este joven extrajo un arma de fuego con el que efectu\u00f3 un disparo que impact\u00f3 en la tetilla izquierda de su rival.<\/p>\n<p>A ra\u00edz del balazo, <b>Villalba <\/b>muri\u00f3 como consecuencia de las lesiones sufridas, mientras que el agresor escap\u00f3 del lugar a la carrera.<\/p>\n<p>Efectivos de la comisar\u00eda 3ra. de Jos\u00e9 C. Paz concurrieron al lugar y recabaron informaci\u00f3n para tratar de identificar al homicida.<\/p>\n<p>Los investigadores establecieron que la v\u00edctima ten\u00eda antecedentes penales por \u00abrobo calificado\u00bb, agregaron las fuentes consultadas.<\/p>\n<p>El hecho es investigado por personal de la Unidad Funcional de Instrucci\u00f3n (UFI) 20 del Departamento Judicial San Mart\u00edn, descentralizada en Malvinas Argentinas.<\/p>\n","protected":false},"excerpt":{"rendered":"<p>Sucedi\u00f3 en Jos\u00e9 C. Paz. La v\u00edctima, de 21 a\u00f1os, se tenz\u00f3 a golpes con otro, quien luego regres\u00f3 con otra persona que le despar\u00f3. Un joven de 21 a\u00f1os fue asesinado este domingo de un disparo en el pecho en la localidad bonaerense de Jos\u00e9 C. Paz, y se investigan las circunstancias del homicidio,&hellip;<\/p>\n","protected":false},"author":1,"featured_media":0,"comment_status":"open","ping_status":"open","sticky":false,"template":"","format":"standard","meta":{"footnotes":""},"categories":[22],"tags":[39,15896,15895,388,1951,323],"class_list":["post-34134","post","type-post","status-publish","format-standard","hentry","category-policiales","tag-asesinado","tag-barrio-favaloro","tag-brian-gaston-villalba","tag-disparo","tag-jose-c-paz","tag-joven"],"_links":{"self":[{"href":"https:\/\/www.elsindical.com.ar\/notas\/wp-json\/wp\/v2\/posts\/34134","targetHints":{"allow":["GET"]}}],"collection":[{"href":"https:\/\/www.elsindical.com.ar\/notas\/wp-json\/wp\/v2\/posts"}],"about":[{"href":"https:\/\/www.elsindical.com.ar\/notas\/wp-json\/wp\/v2\/types\/post"}],"author":[{"embeddable":true,"href":"https:\/\/www.elsindical.com.ar\/notas\/wp-json\/wp\/v2\/users\/1"}],"replies":[{"embeddable":true,"href":"https:\/\/www.elsindical.com.ar\/notas\/wp-json\/wp\/v2\/comments?post=34134"}],"version-history":[{"count":2,"href":"https:\/\/www.elsindical.com.ar\/notas\/wp-json\/wp\/v2\/posts\/34134\/revisions"}],"predecessor-version":[{"id":34136,"href":"https:\/\/www.elsindical.com.ar\/notas\/wp-json\/wp\/v2\/posts\/34134\/revisions\/34136"}],"wp:attachment":[{"href":"https:\/\/www.elsindical.com.ar\/notas\/wp-json\/wp\/v2\/media?parent=34134"}],"wp:term":[{"taxonomy":"category","embeddable":true,"href":"https:\/\/www.elsindical.com.ar\/notas\/wp-json\/wp\/v2\/categories?post=34134"},{"taxonomy":"post_tag","embeddable":true,"href":"https:\/\/www.elsindical.com.ar\/notas\/wp-json\/wp\/v2\/tags?post=34134"}],"curies":[{"name":"wp","href":"https:\/\/api.w.org\/{rel}","templated":true}]}}