{"id":34130,"date":"2013-04-22T09:15:34","date_gmt":"2013-04-22T12:15:34","guid":{"rendered":"http:\/\/www.elsindical.com.ar\/notas\/?p=34130"},"modified":"2013-04-22T14:58:32","modified_gmt":"2013-04-22T17:58:32","slug":"finalmente-murio-la-joven-promotora-accidentada","status":"publish","type":"post","link":"https:\/\/www.elsindical.com.ar\/notas\/finalmente-murio-la-joven-promotora-accidentada\/","title":{"rendered":"Finalmente muri\u00f3 la joven promotora accidentada"},"content":{"rendered":"<p style=\"text-align: justify;\"><em><a href=\"http:\/\/www.elsindical.com.ar\/notas\/var\/www\/html\/notas\/wp-content\/uploads\/2013\/04\/Mariel-Cataldo.jpg\"><img loading=\"lazy\" decoding=\"async\" class=\"alignleft size-medium wp-image-34131\" alt=\"Mariel-Cataldo\" src=\"http:\/\/www.elsindical.com.ar\/notas\/var\/www\/html\/notas\/wp-content\/uploads\/2013\/04\/Mariel-Cataldo-199x300.jpg\" width=\"199\" height=\"300\" srcset=\"https:\/\/www.elsindical.com.ar\/notas\/var\/www\/html\/notas\/wp-content\/uploads\/2013\/04\/Mariel-Cataldo-199x300.jpg 199w, https:\/\/www.elsindical.com.ar\/notas\/var\/www\/html\/notas\/wp-content\/uploads\/2013\/04\/Mariel-Cataldo.jpg 502w\" sizes=\"auto, (max-width: 199px) 100vw, 199px\" \/><\/a>Mariel Cataldo se encontraba internada en terapia intensiva, con respiraci\u00f3n asistida, tras padecer quemaduras en un 95 por ciento de su cuerpo a causa del hecho. La v\u00edctima fatal era oriunda de la ciudad santafesina de Carcaran\u00e1 y cursaba en la ciudad una tecnicatura en Alimentaci\u00f3n.<\/em><\/p>\n<p style=\"text-align: justify;\">Una joven de 21 a\u00f1os que hab\u00eda sufrido graves quemaduras a ra\u00edz de una explosi\u00f3n ocurrida en un departamento de la ciudad de Rosario muri\u00f3 en el Hospital de Emergencias \u00abClemente \u00c1lvarez\u00bb, informaron fuentes policiales.<\/p>\n<p>Mariel Cataldo se encontraba internada en terapia intensiva, con respiraci\u00f3n asistida, tras padecer quemaduras en un 95 por ciento de su cuerpo a causa del hecho ocurrido el viernes pasado en un departamento de un lujoso edificio situado en avenida C\u00e1ndido Carballo 158, en el complejo Palcos del Paran\u00e1. Al momento del siniestro la joven estaba acompa\u00f1ada por Walter Beltrami, de 35 a\u00f1os, que padeci\u00f3 quemaduras leves en los miembros inferiores y que, luego de ser asistido en el mismo hospital, fue dado de alta.<\/p>\n<p>La v\u00edctima fatal era oriunda de la ciudad santafesina de Carcaran\u00e1, cursaba en la ciudad una tecnicatura en Alimentaci\u00f3n y trabajaba como promotora automovil\u00edstica.<\/p>\n<p>La investigaci\u00f3n del hecho se encuentran a cargo de la jueza de Instrucci\u00f3n Penal Raquel Cosgaya, quien caratul\u00f3 la causa \u00abdeflagraci\u00f3n\u00bb y no \u00abexplosi\u00f3n\u00bb, al considerar que no fue totalmente destruido el departamento de dos dormitorios de unos 80 metros cuadrados con vista al r\u00edo.<\/p>\n<p>La explosi\u00f3n provoc\u00f3, sin embargo, que el balc\u00f3n se desprendiera totalmente. Seg\u00fan fuentes policiales, el departamento hab\u00eda recibido el final de obra.<\/p>\n<p>En un comunicado de prensa, la empresa constructora y administradora del complejo se\u00f1al\u00f3 que en el lugar \u00abno hab\u00eda garrafas, si bien exist\u00eda un tanque de gas envasado fuera de la edificaci\u00f3n\u00bb.<br \/>\nEn tanto, la finalizaci\u00f3n del complejo habitacional est\u00e1 pautada para dentro de cinco a\u00f1os.<\/p>\n","protected":false},"excerpt":{"rendered":"<p>Mariel Cataldo se encontraba internada en terapia intensiva, con respiraci\u00f3n asistida, tras padecer quemaduras en un 95 por ciento de su cuerpo a causa del hecho. La v\u00edctima fatal era oriunda de la ciudad santafesina de Carcaran\u00e1 y cursaba en la ciudad una tecnicatura en Alimentaci\u00f3n. Una joven de 21 a\u00f1os que hab\u00eda sufrido graves&hellip;<\/p>\n","protected":false},"author":1,"featured_media":0,"comment_status":"open","ping_status":"open","sticky":false,"template":"","format":"standard","meta":{"footnotes":""},"categories":[24],"tags":[990,15192,2786,15893,15894,7386,2007],"class_list":["post-34130","post","type-post","status-publish","format-standard","hentry","category-sociales","tag-accidente","tag-clemente-alvarez","tag-heridas","tag-mariel-cataldo","tag-palcos-del-parana","tag-promotora","tag-quemaduras"],"_links":{"self":[{"href":"https:\/\/www.elsindical.com.ar\/notas\/wp-json\/wp\/v2\/posts\/34130","targetHints":{"allow":["GET"]}}],"collection":[{"href":"https:\/\/www.elsindical.com.ar\/notas\/wp-json\/wp\/v2\/posts"}],"about":[{"href":"https:\/\/www.elsindical.com.ar\/notas\/wp-json\/wp\/v2\/types\/post"}],"author":[{"embeddable":true,"href":"https:\/\/www.elsindical.com.ar\/notas\/wp-json\/wp\/v2\/users\/1"}],"replies":[{"embeddable":true,"href":"https:\/\/www.elsindical.com.ar\/notas\/wp-json\/wp\/v2\/comments?post=34130"}],"version-history":[{"count":3,"href":"https:\/\/www.elsindical.com.ar\/notas\/wp-json\/wp\/v2\/posts\/34130\/revisions"}],"predecessor-version":[{"id":34148,"href":"https:\/\/www.elsindical.com.ar\/notas\/wp-json\/wp\/v2\/posts\/34130\/revisions\/34148"}],"wp:attachment":[{"href":"https:\/\/www.elsindical.com.ar\/notas\/wp-json\/wp\/v2\/media?parent=34130"}],"wp:term":[{"taxonomy":"category","embeddable":true,"href":"https:\/\/www.elsindical.com.ar\/notas\/wp-json\/wp\/v2\/categories?post=34130"},{"taxonomy":"post_tag","embeddable":true,"href":"https:\/\/www.elsindical.com.ar\/notas\/wp-json\/wp\/v2\/tags?post=34130"}],"curies":[{"name":"wp","href":"https:\/\/api.w.org\/{rel}","templated":true}]}}