{"id":34079,"date":"2013-04-18T14:40:06","date_gmt":"2013-04-18T17:40:06","guid":{"rendered":"http:\/\/www.elsindical.com.ar\/notas\/?p=34079"},"modified":"2013-04-18T14:40:06","modified_gmt":"2013-04-18T17:40:06","slug":"avellanedaallanan-secuestran-drogas-y-detienen-a-miembros-de-remiseria","status":"publish","type":"post","link":"https:\/\/www.elsindical.com.ar\/notas\/avellanedaallanan-secuestran-drogas-y-detienen-a-miembros-de-remiseria\/","title":{"rendered":"Avellaneda:Allanan, secuestran drogas y detienen a miembros de remiser\u00eda"},"content":{"rendered":"<p style=\"text-align: justify;\"><em><a href=\"http:\/\/www.elsindical.com.ar\/notas\/var\/www\/html\/notas\/wp-content\/uploads\/2012\/11\/esposados-gen\u00e9rico.jpg\"><img loading=\"lazy\" decoding=\"async\" class=\"alignleft size-medium wp-image-30001\" alt=\"esposados-gen\u00e9rico\" src=\"http:\/\/www.elsindical.com.ar\/notas\/var\/www\/html\/notas\/wp-content\/uploads\/2012\/11\/esposados-gen\u00e9rico-300x190.jpg\" width=\"300\" height=\"190\" srcset=\"https:\/\/www.elsindical.com.ar\/notas\/var\/www\/html\/notas\/wp-content\/uploads\/2012\/11\/esposados-gen\u00e9rico-300x190.jpg 300w, https:\/\/www.elsindical.com.ar\/notas\/var\/www\/html\/notas\/wp-content\/uploads\/2012\/11\/esposados-gen\u00e9rico.jpg 443w\" sizes=\"auto, (max-width: 300px) 100vw, 300px\" \/><\/a>La Polic\u00eda\u00a0de la provincia de Buenos Aires desbarat\u00f3 una banda de narcotraficantes que ten\u00eda una remiser\u00eda, y con los autos, hac\u00edan delivery en la localidad bonaerense de Avellaneda.<\/em><\/p>\n<p style=\"text-align: justify;\">El operativo fue realizado por efectivos de\u00a0la Comisar\u00eda Primera\u00a0de esa ciudad en un local ubicado en la calle Mitre al 2300.<\/p>\n<p style=\"text-align: justify;\">Cuatro hombres fueron detenidos, entre ellos el propietario de la remiser\u00eda, y fueron secuestrados medio centenar de envoltorios de nylon conteniendo coca\u00edna, cuatro trozos compactos de coca\u00edna, una balanza digital, elementos para corte y dinero producto de la venta de estupefacientes.<\/p>\n<p style=\"text-align: justify;\">Tambi\u00e9n fueron incautados cuatro autos de la remiser\u00eda, una moto y un rev\u00f3lver.<\/p>\n<p style=\"text-align: justify;\">De acuerdo a los investigadores, la banda vend\u00eda la droga en el propio interior del comercio y tambi\u00e9n las llevaba a domicilio en los veh\u00edculos de la agencia<\/p>\n<p style=\"text-align: justify;\">Interviene la Unidad Funcional de Instrucci\u00f3n\u00a0 Nro. 01 del Polo Judicial descentralizado de Avellaneda.<\/p>\n","protected":false},"excerpt":{"rendered":"<p>La Polic\u00eda\u00a0de la provincia de Buenos Aires desbarat\u00f3 una banda de narcotraficantes que ten\u00eda una remiser\u00eda, y con los autos, hac\u00edan delivery en la localidad bonaerense de Avellaneda. El operativo fue realizado por efectivos de\u00a0la Comisar\u00eda Primera\u00a0de esa ciudad en un local ubicado en la calle Mitre al 2300. Cuatro hombres fueron detenidos, entre ellos&hellip;<\/p>\n","protected":false},"author":1,"featured_media":0,"comment_status":"open","ping_status":"open","sticky":false,"template":"","format":"standard","meta":{"footnotes":""},"categories":[22],"tags":[461,742,382,30,15867],"class_list":["post-34079","post","type-post","status-publish","format-standard","hentry","category-policiales","tag-avellaneda","tag-detenidos","tag-drogas","tag-policia","tag-remiseria"],"_links":{"self":[{"href":"https:\/\/www.elsindical.com.ar\/notas\/wp-json\/wp\/v2\/posts\/34079","targetHints":{"allow":["GET"]}}],"collection":[{"href":"https:\/\/www.elsindical.com.ar\/notas\/wp-json\/wp\/v2\/posts"}],"about":[{"href":"https:\/\/www.elsindical.com.ar\/notas\/wp-json\/wp\/v2\/types\/post"}],"author":[{"embeddable":true,"href":"https:\/\/www.elsindical.com.ar\/notas\/wp-json\/wp\/v2\/users\/1"}],"replies":[{"embeddable":true,"href":"https:\/\/www.elsindical.com.ar\/notas\/wp-json\/wp\/v2\/comments?post=34079"}],"version-history":[{"count":1,"href":"https:\/\/www.elsindical.com.ar\/notas\/wp-json\/wp\/v2\/posts\/34079\/revisions"}],"predecessor-version":[{"id":34080,"href":"https:\/\/www.elsindical.com.ar\/notas\/wp-json\/wp\/v2\/posts\/34079\/revisions\/34080"}],"wp:attachment":[{"href":"https:\/\/www.elsindical.com.ar\/notas\/wp-json\/wp\/v2\/media?parent=34079"}],"wp:term":[{"taxonomy":"category","embeddable":true,"href":"https:\/\/www.elsindical.com.ar\/notas\/wp-json\/wp\/v2\/categories?post=34079"},{"taxonomy":"post_tag","embeddable":true,"href":"https:\/\/www.elsindical.com.ar\/notas\/wp-json\/wp\/v2\/tags?post=34079"}],"curies":[{"name":"wp","href":"https:\/\/api.w.org\/{rel}","templated":true}]}}