{"id":34072,"date":"2013-04-18T13:27:52","date_gmt":"2013-04-18T16:27:52","guid":{"rendered":"http:\/\/www.elsindical.com.ar\/notas\/?p=34072"},"modified":"2013-04-18T13:27:52","modified_gmt":"2013-04-18T16:27:52","slug":"desbaratan-banda-de-narcotraficantes-con-97-kilos-de-cocaina","status":"publish","type":"post","link":"https:\/\/www.elsindical.com.ar\/notas\/desbaratan-banda-de-narcotraficantes-con-97-kilos-de-cocaina\/","title":{"rendered":"Desbaratan banda de narcotraficantes con 97 kilos de coca\u00edna"},"content":{"rendered":"<p style=\"text-align: justify;\"><em><a href=\"http:\/\/www.elsindical.com.ar\/notas\/var\/www\/html\/notas\/wp-content\/uploads\/2013\/04\/Sergio-Berni-conferencia-tema-drogas.jpg\"><img loading=\"lazy\" decoding=\"async\" class=\"alignleft size-medium wp-image-34073\" alt=\"Sergio-Berni-conferencia-tema-drogas\" src=\"http:\/\/www.elsindical.com.ar\/notas\/var\/www\/html\/notas\/wp-content\/uploads\/2013\/04\/Sergio-Berni-conferencia-tema-drogas-300x170.jpg\" width=\"300\" height=\"170\" srcset=\"https:\/\/www.elsindical.com.ar\/notas\/var\/www\/html\/notas\/wp-content\/uploads\/2013\/04\/Sergio-Berni-conferencia-tema-drogas-300x170.jpg 300w, https:\/\/www.elsindical.com.ar\/notas\/var\/www\/html\/notas\/wp-content\/uploads\/2013\/04\/Sergio-Berni-conferencia-tema-drogas-500x283.jpg 500w, https:\/\/www.elsindical.com.ar\/notas\/var\/www\/html\/notas\/wp-content\/uploads\/2013\/04\/Sergio-Berni-conferencia-tema-drogas.jpg 502w\" sizes=\"auto, (max-width: 300px) 100vw, 300px\" \/><\/a>El secretario de seguridad, Sergio Berni asegur\u00f3 que se detuvo a la totalidad de la asociaci\u00f3n il\u00edcita tras cuatro d\u00edas de investigaci\u00f3n constante.<\/em><\/p>\n<p style=\"text-align: justify;\">Un operativo llevado a cabo por la <b>Polic\u00eda Federal<\/b> permiti\u00f3 <b>desbaratar a una banda de narcotraficantes<\/b> compuesta por <b>cinco individuos <\/b>que ten\u00edan en su poder 97 kilos de coca\u00edna.<\/p>\n<p>En una conferencia de prensa brindad en la Superintendencia de Drogas Peligrosas de la Polic\u00eda Federal, el secretario de seguridad, <b>Sergio Berni<\/b>, explic\u00f3 que esa cantidad de <b>droga fue secuestrada en el marco de varios allanamientos<\/b> realizados por la fuerza policial a ra\u00edz de una orden dictada por el Juez Daniel Rafecas.<\/p>\n<p>Seg\u00fan Berni, <b>la celeridad del Juez Rafecas fue fundamental para poder accionar contra la banda<\/b> que traficaba con estupefacientes. El primer allanamiento se llev\u00f3 a cabo en una vivienda de la calle Monroe donde <b>se obtuvieron datos <\/b>que permitieron luego ir a por los dem\u00e1s integrantes.<\/p>\n<p>Todos los integrantes de la banda <b>son mayores de edad y de nacionalidad argentina<\/b> y el material secuestrado incluye 62 dosis de coca\u00edna de m\u00e1xima pureza lista para la venta adem\u00e1s de 40 kilos de esa nociva sustancia por<b> un valor aproximado de 10 millones de pesos<\/b>.<\/p>\n<p>Berni detall\u00f3 que ahora<b> buscar\u00e1n encontrar el modo en que la banda realizaba la log\u00edstica <\/b>y tambi\u00e9n la fuente econ\u00f3mica de donde obten\u00edan los recursos para financiar la banda.<\/p>\n<p style=\"text-align: justify;\">Al describir el trabajo de inteligencia, Berni reclam\u00f3 al responsable de la Corte Suprema encargado de los recursos humanos, el enviar personal a los juzgados para ayudar a trabajar las causas en tr\u00e1mite.<\/p>\n","protected":false},"excerpt":{"rendered":"<p>El secretario de seguridad, Sergio Berni asegur\u00f3 que se detuvo a la totalidad de la asociaci\u00f3n il\u00edcita tras cuatro d\u00edas de investigaci\u00f3n constante. Un operativo llevado a cabo por la Polic\u00eda Federal permiti\u00f3 desbaratar a una banda de narcotraficantes compuesta por cinco individuos que ten\u00edan en su poder 97 kilos de coca\u00edna. En una conferencia&hellip;<\/p>\n","protected":false},"author":1,"featured_media":0,"comment_status":"open","ping_status":"open","sticky":false,"template":"","format":"standard","meta":{"footnotes":""},"categories":[22],"tags":[43,11130,502,11727],"class_list":["post-34072","post","type-post","status-publish","format-standard","hentry","category-policiales","tag-cocaina","tag-juez-federal-rafecas","tag-policia-federal-argentina","tag-sergio-berni"],"_links":{"self":[{"href":"https:\/\/www.elsindical.com.ar\/notas\/wp-json\/wp\/v2\/posts\/34072","targetHints":{"allow":["GET"]}}],"collection":[{"href":"https:\/\/www.elsindical.com.ar\/notas\/wp-json\/wp\/v2\/posts"}],"about":[{"href":"https:\/\/www.elsindical.com.ar\/notas\/wp-json\/wp\/v2\/types\/post"}],"author":[{"embeddable":true,"href":"https:\/\/www.elsindical.com.ar\/notas\/wp-json\/wp\/v2\/users\/1"}],"replies":[{"embeddable":true,"href":"https:\/\/www.elsindical.com.ar\/notas\/wp-json\/wp\/v2\/comments?post=34072"}],"version-history":[{"count":1,"href":"https:\/\/www.elsindical.com.ar\/notas\/wp-json\/wp\/v2\/posts\/34072\/revisions"}],"predecessor-version":[{"id":34074,"href":"https:\/\/www.elsindical.com.ar\/notas\/wp-json\/wp\/v2\/posts\/34072\/revisions\/34074"}],"wp:attachment":[{"href":"https:\/\/www.elsindical.com.ar\/notas\/wp-json\/wp\/v2\/media?parent=34072"}],"wp:term":[{"taxonomy":"category","embeddable":true,"href":"https:\/\/www.elsindical.com.ar\/notas\/wp-json\/wp\/v2\/categories?post=34072"},{"taxonomy":"post_tag","embeddable":true,"href":"https:\/\/www.elsindical.com.ar\/notas\/wp-json\/wp\/v2\/tags?post=34072"}],"curies":[{"name":"wp","href":"https:\/\/api.w.org\/{rel}","templated":true}]}}