{"id":33998,"date":"2013-04-15T00:44:25","date_gmt":"2013-04-15T03:44:25","guid":{"rendered":"http:\/\/www.elsindical.com.ar\/notas\/?p=33998"},"modified":"2013-04-15T00:44:25","modified_gmt":"2013-04-15T03:44:25","slug":"estamos-buscando-a-santiago-rodriguez","status":"publish","type":"post","link":"https:\/\/www.elsindical.com.ar\/notas\/estamos-buscando-a-santiago-rodriguez\/","title":{"rendered":"Estamos buscando a Santiago Rodr\u00edguez"},"content":{"rendered":"<p style=\"text-align: justify;\"><a href=\"http:\/\/www.elsindical.com.ar\/notas\/var\/www\/html\/notas\/wp-content\/uploads\/2013\/04\/Santiago-Rodr\u00edguez.jpg\"><img loading=\"lazy\" decoding=\"async\" class=\"alignleft size-medium wp-image-33999\" alt=\"Santiago-Rodr\u00edguez\" src=\"http:\/\/www.elsindical.com.ar\/notas\/var\/www\/html\/notas\/wp-content\/uploads\/2013\/04\/Santiago-Rodr\u00edguez-223x300.jpg\" width=\"223\" height=\"300\" srcset=\"https:\/\/www.elsindical.com.ar\/notas\/var\/www\/html\/notas\/wp-content\/uploads\/2013\/04\/Santiago-Rodr\u00edguez-223x300.jpg 223w, https:\/\/www.elsindical.com.ar\/notas\/var\/www\/html\/notas\/wp-content\/uploads\/2013\/04\/Santiago-Rodr\u00edguez.jpg 531w\" sizes=\"auto, (max-width: 223px) 100vw, 223px\" \/><\/a>Desconocemos su paradero desde el 12\/04 alrededor de las 10:00 hs. cuando se dirig\u00eda desde Devoto hasta el Hospital Borda en la l\u00ednea 134.<br \/>\nNecesita tomar medicaci\u00f3n.<br \/>\nPor favor comunicarse por este medio muchas gracias.<\/p>\n","protected":false},"excerpt":{"rendered":"<p>Desconocemos su paradero desde el 12\/04 alrededor de las 10:00 hs. cuando se dirig\u00eda desde Devoto hasta el Hospital Borda en la l\u00ednea 134. Necesita tomar medicaci\u00f3n. Por favor comunicarse por este medio muchas gracias.<\/p>\n","protected":false},"author":1,"featured_media":0,"comment_status":"open","ping_status":"open","sticky":false,"template":"","format":"standard","meta":{"footnotes":""},"categories":[26],"tags":[4128,2691,12084,15838],"class_list":["post-33998","post","type-post","status-publish","format-standard","hentry","category-solidaridad","tag-devoto","tag-hospital-borda","tag-medicacion","tag-santiago-rodriguez"],"_links":{"self":[{"href":"https:\/\/www.elsindical.com.ar\/notas\/wp-json\/wp\/v2\/posts\/33998","targetHints":{"allow":["GET"]}}],"collection":[{"href":"https:\/\/www.elsindical.com.ar\/notas\/wp-json\/wp\/v2\/posts"}],"about":[{"href":"https:\/\/www.elsindical.com.ar\/notas\/wp-json\/wp\/v2\/types\/post"}],"author":[{"embeddable":true,"href":"https:\/\/www.elsindical.com.ar\/notas\/wp-json\/wp\/v2\/users\/1"}],"replies":[{"embeddable":true,"href":"https:\/\/www.elsindical.com.ar\/notas\/wp-json\/wp\/v2\/comments?post=33998"}],"version-history":[{"count":1,"href":"https:\/\/www.elsindical.com.ar\/notas\/wp-json\/wp\/v2\/posts\/33998\/revisions"}],"predecessor-version":[{"id":34000,"href":"https:\/\/www.elsindical.com.ar\/notas\/wp-json\/wp\/v2\/posts\/33998\/revisions\/34000"}],"wp:attachment":[{"href":"https:\/\/www.elsindical.com.ar\/notas\/wp-json\/wp\/v2\/media?parent=33998"}],"wp:term":[{"taxonomy":"category","embeddable":true,"href":"https:\/\/www.elsindical.com.ar\/notas\/wp-json\/wp\/v2\/categories?post=33998"},{"taxonomy":"post_tag","embeddable":true,"href":"https:\/\/www.elsindical.com.ar\/notas\/wp-json\/wp\/v2\/tags?post=33998"}],"curies":[{"name":"wp","href":"https:\/\/api.w.org\/{rel}","templated":true}]}}