{"id":33930,"date":"2013-04-11T22:13:57","date_gmt":"2013-04-12T01:13:57","guid":{"rendered":"http:\/\/www.elsindical.com.ar\/notas\/?p=33930"},"modified":"2013-04-11T22:13:57","modified_gmt":"2013-04-12T01:13:57","slug":"chacohackearon-la-web-del-tribunal-electoral","status":"publish","type":"post","link":"https:\/\/www.elsindical.com.ar\/notas\/chacohackearon-la-web-del-tribunal-electoral\/","title":{"rendered":"Chaco:Hackearon la web del Tribunal Electoral"},"content":{"rendered":"<div style=\"text-align: justify;\">\n<p><em><a href=\"http:\/\/www.elsindical.com.ar\/notas\/var\/www\/html\/notas\/wp-content\/uploads\/2013\/04\/hackeo-web-Chaco.jpg\"><img loading=\"lazy\" decoding=\"async\" class=\"alignleft size-medium wp-image-33931\" alt=\"hackeo-web-Chaco\" src=\"http:\/\/www.elsindical.com.ar\/notas\/var\/www\/html\/notas\/wp-content\/uploads\/2013\/04\/hackeo-web-Chaco-300x224.jpg\" width=\"300\" height=\"224\" srcset=\"https:\/\/www.elsindical.com.ar\/notas\/var\/www\/html\/notas\/wp-content\/uploads\/2013\/04\/hackeo-web-Chaco-300x224.jpg 300w, https:\/\/www.elsindical.com.ar\/notas\/var\/www\/html\/notas\/wp-content\/uploads\/2013\/04\/hackeo-web-Chaco-400x300.jpg 400w, https:\/\/www.elsindical.com.ar\/notas\/var\/www\/html\/notas\/wp-content\/uploads\/2013\/04\/hackeo-web-Chaco.jpg 502w\" sizes=\"auto, (max-width: 300px) 100vw, 300px\" \/><\/a>Se trata de los mismos activistas que el domingo tomaron el control de la p\u00e1gina de <strong>An\u00edbal Fern\u00e1ndez<\/strong>. Aseguran que se vendr\u00e1n m\u00e1s ataques de este tipo.<\/em><\/p>\n<p>\u201cPasate al lado oscuro. Tenemos choripanes\u201d es la consigna que puede leerse en estos instantes en la web del Tribunal Electoral del Chaco.<\/p>\n<p>La frase est\u00e1 acompa\u00f1ada por una fotograf\u00eda de la presidente <strong>Cristina Kirchner<\/strong> vestida como<strong> Darth Vader<\/strong>, uno de los personajes centrales de la saga <em>Star Wars<\/em>.<\/p>\n<p>El hacker que se adjudica el ataque es <strong>Libero<\/strong>, uno de los que tambi\u00e9n durante el fin de semana participaron de la ca\u00edda del blog de <strong>An\u00edbal Fern\u00e1ndez<\/strong>.<\/p>\n<p>En ambos casos, los hackers colgaron un video del tema \u201cRealidad argentina\u201d, de Ey C.<\/p>\n<p>A trav\u00e9s de su cuenta en <strong>Twitter<\/strong>, <strong>Libero<\/strong> asegura que habr\u00e1 nuevos ataques de este tipo en los pr\u00f3ximos d\u00edas.<\/p>\n<p>&nbsp;<\/p>\n<\/div>\n<p><iframe loading=\"lazy\" src=\"http:\/\/www.youtube.com\/embed\/Voz4rU4Pgg0\" height=\"315\" width=\"420\" allowfullscreen=\"\" frameborder=\"0\"><\/iframe><\/p>\n","protected":false},"excerpt":{"rendered":"<p>Se trata de los mismos activistas que el domingo tomaron el control de la p\u00e1gina de An\u00edbal Fern\u00e1ndez. Aseguran que se vendr\u00e1n m\u00e1s ataques de este tipo. \u201cPasate al lado oscuro. Tenemos choripanes\u201d es la consigna que puede leerse en estos instantes en la web del Tribunal Electoral del Chaco. La frase est\u00e1 acompa\u00f1ada por&hellip;<\/p>\n","protected":false},"author":1,"featured_media":0,"comment_status":"open","ping_status":"open","sticky":false,"template":"","format":"standard","meta":{"footnotes":""},"categories":[25],"tags":[15815,255,6852],"class_list":["post-33930","post","type-post","status-publish","format-standard","hentry","category-sociedad","tag-anonymous-argentina","tag-chaco","tag-hackeo"],"_links":{"self":[{"href":"https:\/\/www.elsindical.com.ar\/notas\/wp-json\/wp\/v2\/posts\/33930","targetHints":{"allow":["GET"]}}],"collection":[{"href":"https:\/\/www.elsindical.com.ar\/notas\/wp-json\/wp\/v2\/posts"}],"about":[{"href":"https:\/\/www.elsindical.com.ar\/notas\/wp-json\/wp\/v2\/types\/post"}],"author":[{"embeddable":true,"href":"https:\/\/www.elsindical.com.ar\/notas\/wp-json\/wp\/v2\/users\/1"}],"replies":[{"embeddable":true,"href":"https:\/\/www.elsindical.com.ar\/notas\/wp-json\/wp\/v2\/comments?post=33930"}],"version-history":[{"count":1,"href":"https:\/\/www.elsindical.com.ar\/notas\/wp-json\/wp\/v2\/posts\/33930\/revisions"}],"predecessor-version":[{"id":33932,"href":"https:\/\/www.elsindical.com.ar\/notas\/wp-json\/wp\/v2\/posts\/33930\/revisions\/33932"}],"wp:attachment":[{"href":"https:\/\/www.elsindical.com.ar\/notas\/wp-json\/wp\/v2\/media?parent=33930"}],"wp:term":[{"taxonomy":"category","embeddable":true,"href":"https:\/\/www.elsindical.com.ar\/notas\/wp-json\/wp\/v2\/categories?post=33930"},{"taxonomy":"post_tag","embeddable":true,"href":"https:\/\/www.elsindical.com.ar\/notas\/wp-json\/wp\/v2\/tags?post=33930"}],"curies":[{"name":"wp","href":"https:\/\/api.w.org\/{rel}","templated":true}]}}