{"id":33875,"date":"2013-04-10T14:28:56","date_gmt":"2013-04-10T17:28:56","guid":{"rendered":"http:\/\/www.elsindical.com.ar\/notas\/?p=33875"},"modified":"2013-04-10T14:28:56","modified_gmt":"2013-04-10T17:28:56","slug":"entro-en-vigencia-el-nuevo-procedimiento-para-la-tenencia-de-armas","status":"publish","type":"post","link":"https:\/\/www.elsindical.com.ar\/notas\/entro-en-vigencia-el-nuevo-procedimiento-para-la-tenencia-de-armas\/","title":{"rendered":"Entr\u00f3 en vigencia el nuevo procedimiento para la tenencia de armas"},"content":{"rendered":"<p style=\"text-align: justify;\"><em><a href=\"http:\/\/www.elsindical.com.ar\/notas\/var\/www\/html\/notas\/wp-content\/uploads\/2010\/08\/arsenal-de-armas.jpg\"><img loading=\"lazy\" decoding=\"async\" class=\"alignleft size-full wp-image-8775\" alt=\"arsenal-de-armas\" src=\"http:\/\/www.elsindical.com.ar\/notas\/var\/www\/html\/notas\/wp-content\/uploads\/2010\/08\/arsenal-de-armas.jpg\" width=\"236\" height=\"225\" \/><\/a>Desde hoy, cualquier ciudadano tiene la posibilidad de objetar que se le conceda la portaci\u00f3n de un arma a cualquier individuo, incluso a \u00abfuncionarios p\u00fablicos civiles, de las Fuerzas de Seguridad y de las Fuerzas Armadas\u00bb, de acuerdo con la resoluci\u00f3n 373\/2013 del Ministerio de Justicia y Derechos Humanos, publicada en el Bolet\u00edn Oficial.<\/em><\/p>\n<p style=\"text-align: justify;\">El Procedimiento de Participaci\u00f3n Ciudadana por Oposici\u00f3n para la Autorizaci\u00f3n de Tenencia o Portaci\u00f3n de Armas de Fuego qued\u00f3 en vigencia hoy con la publicaci\u00f3n de su mecanismo de funcionamiento en el Bolet\u00edn Oficial.<\/p>\n<p>De esta forma, a partir de ahora, cualquier ciudadano tendr\u00e1 la posibilidad de objetar que se le conceda la posibilidad de portar o poseer un arma a cualquier individuo, incluso a \u00abfuncionarios p\u00fablicos civiles, de las Fuerzas de Seguridad y de las Fuerzas Armadas\u00bb. As\u00ed lo determina la Resoluci\u00f3n 373\/2013 del Ministerio de Justicia y Derechos Humanos, publicada en la edici\u00f3n de hoy del Bolet\u00edn Oficial.<\/p>\n<p>Seg\u00fan este mecanismo, el Registro Nacional de Armas (RENAR) deber\u00e1 publicar durante quince d\u00edas en su sitio web \u00abel nombre completo, el documento del solicitante y los datos de las armas correspondientes\u00bb, tanto de las nuevas solicitudes de portaci\u00f3n y tenencia de armas, como de las renovaciones.<\/p>\n<p>A su vez, una vez por semana ser\u00e1 publicado en el Bolet\u00edn Oficial \u00abel total de las solicitudes que se encuentren en condiciones de iniciar el procedimiento\u00bb de participaci\u00f3n ciudadana en el tr\u00e1mite de tenencia y portaci\u00f3n.<\/p>\n<p>Las denuncias de hechos de violencia, amenazas o intimidaci\u00f3n que tengan como denunciado al solicitante de la tenencia o portaci\u00f3n de armas, hayan o no sido denunciados ante las autoridades policiales o judiciales, ser\u00e1n causales de oposici\u00f3n, seg\u00fan determina la norma.<\/p>\n<p>Tambi\u00e9n lo ser\u00e1n los hechos de violencia intrafamiliar o de g\u00e9nero que tengan como autor al solicitante, o \u00abcualquier otro hecho o circunstancia que, por su gravedad, torne razonable que la autoridad competente tome debida intervenci\u00f3n\u00bb.<\/p>\n<p>\u00abEl presente procedimiento ser\u00e1 aplicable a todas las solicitudes de tenencia o portaci\u00f3n armas de fuego sin excepci\u00f3n, incluidas las solicitudes de los funcionarios p\u00fablicos civiles, de las Fuerzas de Seguridad y de las Fuerzas Armadas\u00bb, finaliza el texto de la norma.<\/p>\n<p>El procedimiento hab\u00eda sido anticipado ayer en una conferencia de prensa por el ministro de Justicia y Derechos Humanos, Julio Alak; el secretario de Justicia, Juli\u00e1n Alvarez, y el titular del organismo registral, Mat\u00edas Molle.<\/p>\n","protected":false},"excerpt":{"rendered":"<p>Desde hoy, cualquier ciudadano tiene la posibilidad de objetar que se le conceda la portaci\u00f3n de un arma a cualquier individuo, incluso a \u00abfuncionarios p\u00fablicos civiles, de las Fuerzas de Seguridad y de las Fuerzas Armadas\u00bb, de acuerdo con la resoluci\u00f3n 373\/2013 del Ministerio de Justicia y Derechos Humanos, publicada en el Bolet\u00edn Oficial. El&hellip;<\/p>\n","protected":false},"author":1,"featured_media":0,"comment_status":"open","ping_status":"open","sticky":false,"template":"","format":"standard","meta":{"footnotes":""},"categories":[13],"tags":[424,1295,13295,9323,1509],"class_list":["post-33875","post","type-post","status-publish","format-standard","hentry","category-politica","tag-armas","tag-boletin-oficial","tag-portacion","tag-renar","tag-tenencia"],"_links":{"self":[{"href":"https:\/\/www.elsindical.com.ar\/notas\/wp-json\/wp\/v2\/posts\/33875","targetHints":{"allow":["GET"]}}],"collection":[{"href":"https:\/\/www.elsindical.com.ar\/notas\/wp-json\/wp\/v2\/posts"}],"about":[{"href":"https:\/\/www.elsindical.com.ar\/notas\/wp-json\/wp\/v2\/types\/post"}],"author":[{"embeddable":true,"href":"https:\/\/www.elsindical.com.ar\/notas\/wp-json\/wp\/v2\/users\/1"}],"replies":[{"embeddable":true,"href":"https:\/\/www.elsindical.com.ar\/notas\/wp-json\/wp\/v2\/comments?post=33875"}],"version-history":[{"count":1,"href":"https:\/\/www.elsindical.com.ar\/notas\/wp-json\/wp\/v2\/posts\/33875\/revisions"}],"predecessor-version":[{"id":33876,"href":"https:\/\/www.elsindical.com.ar\/notas\/wp-json\/wp\/v2\/posts\/33875\/revisions\/33876"}],"wp:attachment":[{"href":"https:\/\/www.elsindical.com.ar\/notas\/wp-json\/wp\/v2\/media?parent=33875"}],"wp:term":[{"taxonomy":"category","embeddable":true,"href":"https:\/\/www.elsindical.com.ar\/notas\/wp-json\/wp\/v2\/categories?post=33875"},{"taxonomy":"post_tag","embeddable":true,"href":"https:\/\/www.elsindical.com.ar\/notas\/wp-json\/wp\/v2\/tags?post=33875"}],"curies":[{"name":"wp","href":"https:\/\/api.w.org\/{rel}","templated":true}]}}