{"id":33854,"date":"2013-04-09T22:40:14","date_gmt":"2013-04-10T01:40:14","guid":{"rendered":"http:\/\/www.elsindical.com.ar\/notas\/?p=33854"},"modified":"2013-04-09T22:40:14","modified_gmt":"2013-04-10T01:40:14","slug":"el-sindical-radio-8-de-abril-del-2013","status":"publish","type":"post","link":"https:\/\/www.elsindical.com.ar\/notas\/el-sindical-radio-8-de-abril-del-2013\/","title":{"rendered":"El Sindical Radio 8 de abril del 2013"},"content":{"rendered":"<p style=\"text-align: justify;\">\u00a0\u00a0 <a href=\"http:\/\/www.elsindical.com.ar\/notas\/var\/www\/html\/notas\/wp-content\/uploads\/2012\/06\/RadiosOnlineFM.jpg\"><img loading=\"lazy\" decoding=\"async\" class=\"alignleft size-medium wp-image-25011\" alt=\"RadiosOnlineFM\" src=\"http:\/\/www.elsindical.com.ar\/notas\/var\/www\/html\/notas\/wp-content\/uploads\/2012\/06\/RadiosOnlineFM-300x250.jpg\" width=\"300\" height=\"250\" srcset=\"https:\/\/www.elsindical.com.ar\/notas\/var\/www\/html\/notas\/wp-content\/uploads\/2012\/06\/RadiosOnlineFM-300x250.jpg 300w, https:\/\/www.elsindical.com.ar\/notas\/var\/www\/html\/notas\/wp-content\/uploads\/2012\/06\/RadiosOnlineFM.jpg 500w\" sizes=\"auto, (max-width: 300px) 100vw, 300px\" \/><\/a><em>Programa de El Sindical Radio, emitido el d\u00eda lunes 08 de abril del 2013, por FM Boedo, 88.1 y fmboedo.com.ar, con la conducci\u00f3n de la Dra. Valeria Carreras y el Editor General Marcelo Ricardo Hawrylciw, en el horario de 19:00 hs. a 20:00 hs.<\/em><\/p>\n<p style=\"text-align: justify;\">En este programa desarrollamos distintas noticias, entre ellas la muerte de Margareth Thatcher, la que fue la cara visible del imperio colonialista ingl\u00e9s.<\/p>\n<p style=\"text-align: justify;\">Debatimos el anuncio de reformas en lo que se conoce como la democratizaci\u00f3n de la Justicia, y el malestar que este proyecto causa en algunos abogados acostumbrados a beneficiarse con las relaciones cercanas entre algunos estudios y miembros del Poder Judicial.<\/p>\n<p style=\"text-align: justify;\">Nos acompa\u00f1\u00f3 en el programa Roberto, delegado de prensa de los trabajadores del subte en Metrov\u00edas, el cual nos cont\u00f3 sobre las malas condiciones de seguridad laboral con las que trabajan a diario y analizamos la muerte del empleado muerto por una descarga el\u00e9ctrica en los d\u00edas de las fuertes tormentas.<\/p>\n<p style=\"text-align: justify;\">Saludamos a los miembros de UNASUR, y a pesar de algunos inconvenientes t\u00e9cnicos, nos acompa\u00f1aron durante el programa.<\/p>\n<p style=\"text-align: justify;\">Recibimos la siempre agradable visita de Sandra Rodr\u00edguez Orfila, quien nos cont\u00f3 sobre las necesidades del comedor \u00abUna esperanza para los ni\u00f1os\u00bb que conduce Irma, quien sali\u00f3 al aire a contarnos un poco a todos que necesidades tienen. Por eso, por los 184 ni\u00f1os que all\u00ed se alimentan, insist\u00edmos en que hay que donar, porque adem\u00e1s de ser un gesto de amor, es liberador.<\/p>\n<p style=\"text-align: justify;\">Y como siempre el an\u00e1lisis y comentarios de todos nuestros seguidores, sean del Diario o el programa de Radio.<\/p>\n<p style=\"text-align: justify;\">Gracias a todos por participar, por seguirnos.<\/p>\n<p><object id=\"player1936441\" width=\"240\" height=\"133\" classid=\"clsid:d27cdb6e-ae6d-11cf-96b8-444553540000\" codebase=\"http:\/\/download.macromedia.com\/pub\/shockwave\/cabs\/flash\/swflash.cab#version=6,0,40,0\"><param name=\"AllowScriptAccess\" value=\"always\" \/><param name=\"allowFullScreen\" value=\"true\" \/><param name=\"wmode\" value=\"transparent\" \/><param name=\"src\" value=\"http:\/\/www.ivoox.com\/playerivoox_ee_1936441_1.html\" \/><param name=\"allowfullscreen\" value=\"true\" \/><param name=\"allowscriptaccess\" value=\"always\" \/><embed id=\"player1936441\" width=\"240\" height=\"133\" type=\"application\/x-shockwave-flash\" src=\"http:\/\/www.ivoox.com\/playerivoox_ee_1936441_1.html\" AllowScriptAccess=\"always\" allowFullScreen=\"true\" wmode=\"transparent\" allowfullscreen=\"true\" allowscriptaccess=\"always\" \/><\/object><\/p>\n<p>&nbsp;<\/p>\n<p>&nbsp;<\/p>\n<p><img loading=\"lazy\" decoding=\"async\" class=\"alignnone\" alt=\"\" src=\"http:\/\/m.ak.fbcdn.net\/sphotos-a.ak\/hphotos-ak-ash3\/625527_10200414531222114_1424767530_n.jpg\" width=\"960\" height=\"643\" \/><\/p>\n<p><img loading=\"lazy\" decoding=\"async\" class=\"alignnone\" alt=\"\" src=\"http:\/\/m.ak.fbcdn.net\/sphotos-c.ak\/hphotos-ak-ash3\/547641_10200414530902106_2125844986_n.jpg\" width=\"960\" height=\"643\" \/><\/p>\n","protected":false},"excerpt":{"rendered":"<p>\u00a0\u00a0 Programa de El Sindical Radio, emitido el d\u00eda lunes 08 de abril del 2013, por FM Boedo, 88.1 y fmboedo.com.ar, con la conducci\u00f3n de la Dra. Valeria Carreras y el Editor General Marcelo Ricardo Hawrylciw, en el horario de 19:00 hs. a 20:00 hs. En este programa desarrollamos distintas noticias, entre ellas la muerte&hellip;<\/p>\n","protected":false},"author":1,"featured_media":0,"comment_status":"open","ping_status":"open","sticky":false,"template":"","format":"standard","meta":{"footnotes":""},"categories":[11826],"tags":[523,22034,350,2281,15710,3255],"class_list":["post-33854","post","type-post","status-publish","format-standard","hentry","category-el-sindical-radio","tag-delegado","tag-el-sindical-radio","tag-metrovias","tag-poder-judicial","tag-sandra-rodriguez-orfila","tag-unasur"],"_links":{"self":[{"href":"https:\/\/www.elsindical.com.ar\/notas\/wp-json\/wp\/v2\/posts\/33854","targetHints":{"allow":["GET"]}}],"collection":[{"href":"https:\/\/www.elsindical.com.ar\/notas\/wp-json\/wp\/v2\/posts"}],"about":[{"href":"https:\/\/www.elsindical.com.ar\/notas\/wp-json\/wp\/v2\/types\/post"}],"author":[{"embeddable":true,"href":"https:\/\/www.elsindical.com.ar\/notas\/wp-json\/wp\/v2\/users\/1"}],"replies":[{"embeddable":true,"href":"https:\/\/www.elsindical.com.ar\/notas\/wp-json\/wp\/v2\/comments?post=33854"}],"version-history":[{"count":2,"href":"https:\/\/www.elsindical.com.ar\/notas\/wp-json\/wp\/v2\/posts\/33854\/revisions"}],"predecessor-version":[{"id":33865,"href":"https:\/\/www.elsindical.com.ar\/notas\/wp-json\/wp\/v2\/posts\/33854\/revisions\/33865"}],"wp:attachment":[{"href":"https:\/\/www.elsindical.com.ar\/notas\/wp-json\/wp\/v2\/media?parent=33854"}],"wp:term":[{"taxonomy":"category","embeddable":true,"href":"https:\/\/www.elsindical.com.ar\/notas\/wp-json\/wp\/v2\/categories?post=33854"},{"taxonomy":"post_tag","embeddable":true,"href":"https:\/\/www.elsindical.com.ar\/notas\/wp-json\/wp\/v2\/tags?post=33854"}],"curies":[{"name":"wp","href":"https:\/\/api.w.org\/{rel}","templated":true}]}}