{"id":33841,"date":"2013-04-09T08:02:59","date_gmt":"2013-04-09T11:02:59","guid":{"rendered":"http:\/\/www.elsindical.com.ar\/notas\/?p=33841"},"modified":"2013-04-09T08:02:59","modified_gmt":"2013-04-09T11:02:59","slug":"esteban-echeverriafestejos-con-la-sole","status":"publish","type":"post","link":"https:\/\/www.elsindical.com.ar\/notas\/esteban-echeverriafestejos-con-la-sole\/","title":{"rendered":"Esteban Echeverr\u00eda:Festejos con la Sole"},"content":{"rendered":"<p style=\"text-align: justify;\"><em><a href=\"http:\/\/www.elsindical.com.ar\/notas\/var\/www\/html\/notas\/wp-content\/uploads\/2013\/04\/La-Sole-cantando.jpg\"><img loading=\"lazy\" decoding=\"async\" class=\"alignleft size-medium wp-image-33842\" alt=\"La-Sole-cantando\" src=\"http:\/\/www.elsindical.com.ar\/notas\/var\/www\/html\/notas\/wp-content\/uploads\/2013\/04\/La-Sole-cantando-300x188.jpg\" width=\"300\" height=\"188\" srcset=\"https:\/\/www.elsindical.com.ar\/notas\/var\/www\/html\/notas\/wp-content\/uploads\/2013\/04\/La-Sole-cantando-300x188.jpg 300w, https:\/\/www.elsindical.com.ar\/notas\/var\/www\/html\/notas\/wp-content\/uploads\/2013\/04\/La-Sole-cantando-478x300.jpg 478w, https:\/\/www.elsindical.com.ar\/notas\/var\/www\/html\/notas\/wp-content\/uploads\/2013\/04\/La-Sole-cantando.jpg 502w\" sizes=\"auto, (max-width: 300px) 100vw, 300px\" \/><\/a>Por el Centenario del distrito, la cantante de Arequito brindar\u00e1 un recital en Campo Amat, en Alvear y Moreno, Monte Grande. Habr\u00e1 una cuenta regresiva y un espect\u00e1culo de fuegos artificiales.<\/em><\/p>\n<p style=\"text-align: justify;\">Lleg\u00f3 el momento, el gran d\u00eda. Y para recibir el Centenario a lo grande, esta noche se presentar\u00e1 nada menos que Soledad Pastorutti, una de las artistas m\u00e1s importantes de la m\u00fasica popular nacional.<\/p>\n<p style=\"text-align: justify;\">El tan esperado show dar\u00e1 comienzo a las 22:30 hs. en Campo Amat, ubicado en Alvear y Moreno, en Monte Grande, y la entrada ser\u00e1 gratuita. Seguramente no faltar\u00e1n aquellos grandes \u00e9xitos que marcaron su carrera, entre ellos \u00abA Don Ata\u00bb y \u00abTren del cielo\u00bb.<\/p>\n<p style=\"text-align: justify;\">Pero eso no es todo, dentro de tanta diversi\u00f3n habr\u00e1 un intervalo, alrededor de las 23.45 donde los Granaderos har\u00e1n entrega de la Bandera Centenaria al intendente Fernando Gray, entonando las estrofas del Himno Nacional. A las 23.59, dar\u00e1 comienzo la cuenta regresiva hacia el centenario y, ya dentro del d\u00eda del aniversario, ser\u00e1 el turno de los fuegos artificiales, anunciando el momento tan esperado: los 100 a\u00f1os de Echeverr\u00eda.<\/p>\n<p style=\"text-align: justify;\">Minutos m\u00e1s tarde, la Sole volver\u00e1 al escenario, junto a su banda, para continuar con el espect\u00e1culo. Sin dudas, se espera la llegada de una gran cantidad de vecinos ya que no todos los d\u00edas se da una celebraci\u00f3n de estas caracter\u00edsticas, y mucho menos con una artista de primer nivel como la cantante de Arequito.<\/p>\n","protected":false},"excerpt":{"rendered":"<p>Por el Centenario del distrito, la cantante de Arequito brindar\u00e1 un recital en Campo Amat, en Alvear y Moreno, Monte Grande. Habr\u00e1 una cuenta regresiva y un espect\u00e1culo de fuegos artificiales. Lleg\u00f3 el momento, el gran d\u00eda. Y para recibir el Centenario a lo grande, esta noche se presentar\u00e1 nada menos que Soledad Pastorutti, una&hellip;<\/p>\n","protected":false},"author":1,"featured_media":0,"comment_status":"open","ping_status":"open","sticky":false,"template":"","format":"standard","meta":{"footnotes":""},"categories":[15],"tags":[10811,11343,1905,2037],"class_list":["post-33841","post","type-post","status-publish","format-standard","hentry","category-espectaculos","tag-canciones","tag-centenario","tag-esteban-echeverria","tag-soledad-pastorutti"],"_links":{"self":[{"href":"https:\/\/www.elsindical.com.ar\/notas\/wp-json\/wp\/v2\/posts\/33841","targetHints":{"allow":["GET"]}}],"collection":[{"href":"https:\/\/www.elsindical.com.ar\/notas\/wp-json\/wp\/v2\/posts"}],"about":[{"href":"https:\/\/www.elsindical.com.ar\/notas\/wp-json\/wp\/v2\/types\/post"}],"author":[{"embeddable":true,"href":"https:\/\/www.elsindical.com.ar\/notas\/wp-json\/wp\/v2\/users\/1"}],"replies":[{"embeddable":true,"href":"https:\/\/www.elsindical.com.ar\/notas\/wp-json\/wp\/v2\/comments?post=33841"}],"version-history":[{"count":1,"href":"https:\/\/www.elsindical.com.ar\/notas\/wp-json\/wp\/v2\/posts\/33841\/revisions"}],"predecessor-version":[{"id":33843,"href":"https:\/\/www.elsindical.com.ar\/notas\/wp-json\/wp\/v2\/posts\/33841\/revisions\/33843"}],"wp:attachment":[{"href":"https:\/\/www.elsindical.com.ar\/notas\/wp-json\/wp\/v2\/media?parent=33841"}],"wp:term":[{"taxonomy":"category","embeddable":true,"href":"https:\/\/www.elsindical.com.ar\/notas\/wp-json\/wp\/v2\/categories?post=33841"},{"taxonomy":"post_tag","embeddable":true,"href":"https:\/\/www.elsindical.com.ar\/notas\/wp-json\/wp\/v2\/tags?post=33841"}],"curies":[{"name":"wp","href":"https:\/\/api.w.org\/{rel}","templated":true}]}}