{"id":3384,"date":"2010-02-09T00:31:02","date_gmt":"2010-02-09T03:31:02","guid":{"rendered":"http:\/\/www.elsindical.com.ar\/notas\/?p=3384"},"modified":"2010-02-09T00:40:53","modified_gmt":"2010-02-09T03:40:53","slug":"renuncio-el-subsecretario-de-investigaciones-e-inteligencia-crimina-bonaerense-paul-starc","status":"publish","type":"post","link":"https:\/\/www.elsindical.com.ar\/notas\/renuncio-el-subsecretario-de-investigaciones-e-inteligencia-crimina-bonaerense-paul-starc\/","title":{"rendered":"Renunci\u00f3 el subsecretario de Investigaciones e Inteligencia Crimina bonaerense, Paul Starc"},"content":{"rendered":"<p style=\"text-align: justify;\"><a href=\"http:\/\/www.elsindical.com.ar\/notas\/var\/www\/html\/notas\/wp-content\/uploads\/2010\/02\/Paul-Starc.jpg\"><img loading=\"lazy\" decoding=\"async\" class=\"alignleft size-full wp-image-3385\" title=\"Paul-Starc\" src=\"http:\/\/www.elsindical.com.ar\/notas\/var\/www\/html\/notas\/wp-content\/uploads\/2010\/02\/Paul-Starc.jpg\" alt=\"\" width=\"227\" height=\"136\" \/><\/a>El Ministerio de Seguridad acept\u00f3 la renuncia del Subsecretario de Investigaciones e Inteligencia Criminal, Paul Starc y en su reemplazo fue designada Mar\u00eda Alejandra Prov\u00edtola, actual Auditora General de Asuntos Internos inform\u00f3 el ministerio a trav\u00e9s de un comunicado.<\/p>\n<p style=\"text-align: justify;\">Starc ven\u00eda desempe\u00f1\u00e1ndose como Subsecretario de Investigaciones desde el inicio de la gesti\u00f3n del ministro Carlos Stornelli y hac\u00eda su figura apuntaron las cr\u00edticas recibidas por la participaci\u00f3n de la polic\u00eda bonaerense en la b\u00fasqueda de la familia Pomar, cuyos cuatro integrantes aparecieron muertos en cercan\u00edas de Pergamino.<\/p>\n","protected":false},"excerpt":{"rendered":"<p>El Ministerio de Seguridad acept\u00f3 la renuncia del Subsecretario de Investigaciones e Inteligencia Criminal, Paul Starc y en su reemplazo fue designada Mar\u00eda Alejandra Prov\u00edtola, actual Auditora General de Asuntos Internos inform\u00f3 el ministerio a trav\u00e9s de un comunicado. Starc ven\u00eda desempe\u00f1\u00e1ndose como Subsecretario de Investigaciones desde el inicio de la gesti\u00f3n del ministro Carlos&hellip;<\/p>\n","protected":false},"author":1,"featured_media":0,"comment_status":"open","ping_status":"open","sticky":false,"template":"","format":"standard","meta":{"footnotes":""},"categories":[13],"tags":[982,1772,1771,613],"class_list":["post-3384","post","type-post","status-publish","format-standard","hentry","category-politica","tag-carlos-stornelli","tag-maria-alejandra-provitola","tag-paul-starc","tag-seguridad"],"_links":{"self":[{"href":"https:\/\/www.elsindical.com.ar\/notas\/wp-json\/wp\/v2\/posts\/3384","targetHints":{"allow":["GET"]}}],"collection":[{"href":"https:\/\/www.elsindical.com.ar\/notas\/wp-json\/wp\/v2\/posts"}],"about":[{"href":"https:\/\/www.elsindical.com.ar\/notas\/wp-json\/wp\/v2\/types\/post"}],"author":[{"embeddable":true,"href":"https:\/\/www.elsindical.com.ar\/notas\/wp-json\/wp\/v2\/users\/1"}],"replies":[{"embeddable":true,"href":"https:\/\/www.elsindical.com.ar\/notas\/wp-json\/wp\/v2\/comments?post=3384"}],"version-history":[{"count":2,"href":"https:\/\/www.elsindical.com.ar\/notas\/wp-json\/wp\/v2\/posts\/3384\/revisions"}],"predecessor-version":[{"id":3390,"href":"https:\/\/www.elsindical.com.ar\/notas\/wp-json\/wp\/v2\/posts\/3384\/revisions\/3390"}],"wp:attachment":[{"href":"https:\/\/www.elsindical.com.ar\/notas\/wp-json\/wp\/v2\/media?parent=3384"}],"wp:term":[{"taxonomy":"category","embeddable":true,"href":"https:\/\/www.elsindical.com.ar\/notas\/wp-json\/wp\/v2\/categories?post=3384"},{"taxonomy":"post_tag","embeddable":true,"href":"https:\/\/www.elsindical.com.ar\/notas\/wp-json\/wp\/v2\/tags?post=3384"}],"curies":[{"name":"wp","href":"https:\/\/api.w.org\/{rel}","templated":true}]}}