{"id":33822,"date":"2013-04-08T15:24:58","date_gmt":"2013-04-08T18:24:58","guid":{"rendered":"http:\/\/www.elsindical.com.ar\/notas\/?p=33822"},"modified":"2013-04-08T15:24:58","modified_gmt":"2013-04-08T18:24:58","slug":"paro-de-choferes-de-la-linea-110-por-un-robo-violento","status":"publish","type":"post","link":"https:\/\/www.elsindical.com.ar\/notas\/paro-de-choferes-de-la-linea-110-por-un-robo-violento\/","title":{"rendered":"Paro de choferes de la l\u00ednea 110 por un robo violento"},"content":{"rendered":"<p style=\"text-align: justify;\"><em><a href=\"http:\/\/www.elsindical.com.ar\/notas\/var\/www\/html\/notas\/wp-content\/uploads\/2013\/04\/colectivo-l\u00ednea-110.jpg\"><img loading=\"lazy\" decoding=\"async\" class=\"alignleft size-medium wp-image-33823\" alt=\"colectivo-l\u00ednea-110\" src=\"http:\/\/www.elsindical.com.ar\/notas\/var\/www\/html\/notas\/wp-content\/uploads\/2013\/04\/colectivo-l\u00ednea-110-300x186.jpg\" width=\"300\" height=\"186\" srcset=\"https:\/\/www.elsindical.com.ar\/notas\/var\/www\/html\/notas\/wp-content\/uploads\/2013\/04\/colectivo-l\u00ednea-110-300x186.jpg 300w, https:\/\/www.elsindical.com.ar\/notas\/var\/www\/html\/notas\/wp-content\/uploads\/2013\/04\/colectivo-l\u00ednea-110.jpg 443w\" sizes=\"auto, (max-width: 300px) 100vw, 300px\" \/><\/a>Cerca de las 02:45 hs., un chofer fue asaltado en la puerta de la empresa. Le pegaron varios culatazos en la cabeza.<\/em><\/p>\n<p style=\"text-align: justify;\">El servicio de \u00f3mnibus de la <b>l\u00ednea 110<\/b>, que realiza el recorrido entre la Facultad de Derecho, en el barrio porte\u00f1o de <b>Palermo <\/b>y la localidad de<br \/>\n<b>Villa Martelli <\/b>en el partido bonaerense de Vicente L\u00f3pez, se encontraba esta ma\u00f1ana paralizado por una medida del personal, tras sufrir un <b> asalto <\/b>uno de sus choferes.<\/p>\n<p>Un vocero del personal dijo que \u00abalrededor de las <strong>0<\/strong><b>2:45 hs.<\/b>\u00a0de esta madrugada un chofer que ven\u00eda a tomar servicio sufri\u00f3 un violento asalto en la <b>puerta de la empresa<\/b>\u00ab.<\/p>\n<p>\u00abEl hombre tras recibir varios <b>culatazos<\/b> sufri\u00f3 <b>traumatismo de cr\u00e1neo<\/b> y tuvo que ser derivado a un centro asistencial. Por ello y ante la inseguridad que sufren nuestros conductores se resolvi\u00f3 en asamblea paralizar el servicio desde las 04:00 hs.\u00a0de la ma\u00f1ana\u00bb, agreg\u00f3.<\/p>\n","protected":false},"excerpt":{"rendered":"<p>Cerca de las 02:45 hs., un chofer fue asaltado en la puerta de la empresa. Le pegaron varios culatazos en la cabeza. El servicio de \u00f3mnibus de la l\u00ednea 110, que realiza el recorrido entre la Facultad de Derecho, en el barrio porte\u00f1o de Palermo y la localidad de Villa Martelli en el partido bonaerense&hellip;<\/p>\n","protected":false},"author":1,"featured_media":0,"comment_status":"open","ping_status":"open","sticky":false,"template":"","format":"standard","meta":{"footnotes":""},"categories":[6],"tags":[633,15774,1337,30,116,613,3719],"class_list":["post-33822","post","type-post","status-publish","format-standard","hentry","category-denuncias","tag-choferes","tag-inseguridad-vicente-lopez","tag-palermo","tag-policia","tag-robo","tag-seguridad","tag-villa-martelli"],"_links":{"self":[{"href":"https:\/\/www.elsindical.com.ar\/notas\/wp-json\/wp\/v2\/posts\/33822","targetHints":{"allow":["GET"]}}],"collection":[{"href":"https:\/\/www.elsindical.com.ar\/notas\/wp-json\/wp\/v2\/posts"}],"about":[{"href":"https:\/\/www.elsindical.com.ar\/notas\/wp-json\/wp\/v2\/types\/post"}],"author":[{"embeddable":true,"href":"https:\/\/www.elsindical.com.ar\/notas\/wp-json\/wp\/v2\/users\/1"}],"replies":[{"embeddable":true,"href":"https:\/\/www.elsindical.com.ar\/notas\/wp-json\/wp\/v2\/comments?post=33822"}],"version-history":[{"count":1,"href":"https:\/\/www.elsindical.com.ar\/notas\/wp-json\/wp\/v2\/posts\/33822\/revisions"}],"predecessor-version":[{"id":33824,"href":"https:\/\/www.elsindical.com.ar\/notas\/wp-json\/wp\/v2\/posts\/33822\/revisions\/33824"}],"wp:attachment":[{"href":"https:\/\/www.elsindical.com.ar\/notas\/wp-json\/wp\/v2\/media?parent=33822"}],"wp:term":[{"taxonomy":"category","embeddable":true,"href":"https:\/\/www.elsindical.com.ar\/notas\/wp-json\/wp\/v2\/categories?post=33822"},{"taxonomy":"post_tag","embeddable":true,"href":"https:\/\/www.elsindical.com.ar\/notas\/wp-json\/wp\/v2\/tags?post=33822"}],"curies":[{"name":"wp","href":"https:\/\/api.w.org\/{rel}","templated":true}]}}