{"id":33818,"date":"2013-04-08T14:59:08","date_gmt":"2013-04-08T17:59:08","guid":{"rendered":"http:\/\/www.elsindical.com.ar\/notas\/?p=33818"},"modified":"2013-04-08T14:59:08","modified_gmt":"2013-04-08T17:59:08","slug":"inglaterramurio-margaret-thatcher","status":"publish","type":"post","link":"https:\/\/www.elsindical.com.ar\/notas\/inglaterramurio-margaret-thatcher\/","title":{"rendered":"Inglaterra:Muri\u00f3 Margaret Thatcher"},"content":{"rendered":"<p style=\"text-align: justify;\"><em><a href=\"http:\/\/www.elsindical.com.ar\/notas\/var\/www\/html\/notas\/wp-content\/uploads\/2013\/04\/Margareth-Thatcher.jpg\"><img loading=\"lazy\" decoding=\"async\" class=\"alignleft size-medium wp-image-33819\" alt=\"Margareth-Thatcher\" src=\"http:\/\/www.elsindical.com.ar\/notas\/var\/www\/html\/notas\/wp-content\/uploads\/2013\/04\/Margareth-Thatcher-300x211.jpg\" width=\"300\" height=\"211\" srcset=\"https:\/\/www.elsindical.com.ar\/notas\/var\/www\/html\/notas\/wp-content\/uploads\/2013\/04\/Margareth-Thatcher-300x211.jpg 300w, https:\/\/www.elsindical.com.ar\/notas\/var\/www\/html\/notas\/wp-content\/uploads\/2013\/04\/Margareth-Thatcher-425x300.jpg 425w, https:\/\/www.elsindical.com.ar\/notas\/var\/www\/html\/notas\/wp-content\/uploads\/2013\/04\/Margareth-Thatcher.jpg 502w\" sizes=\"auto, (max-width: 300px) 100vw, 300px\" \/><\/a>La exprimera ministra conservadora del Reino Unido Margareth Thatcher falleci\u00f3 a causa de un golpe que le ha producido un derrame cerebral. Ten\u00eda 87 y condujo al Reino Unido durante la guerra de Malvinas.<\/em><\/p>\n<p style=\"text-align: justify;\">\u00abCon gran tristeza Mark y Carol Thatcher anunciaron que su madre, la baronesa Thatcher, ha muerto en paz tras un apoplej\u00eda esta ma\u00f1ana\u00bb, se\u00f1al\u00f3 Bell en un escueto comunicado.<\/p>\n<p style=\"text-align: justify;\">La llamada \u00abDama de hierro\u00bb fue la \u00fanica mujer que lleg\u00f3 al puesto de primera ministra en el Reino Unido y se enfrent\u00f3 a Argentina en la guerra de las Malvinas en 1982.<\/p>\n<p style=\"text-align: justify;\">Nacida el 13 de octubre de 1925 en Grantham (norte de Inglaterra), la pol\u00edtica \u00abtory\u00bb (denominaci\u00f3n que se le da a los dirigentes del Partido Conservador) proced\u00eda de una familia de modestos recursos.<\/p>\n<p style=\"text-align: justify;\">Thatcher gan\u00f3 los comicios de 1979 en momentos en que el Partido Laborista estaba debilitado y el pa\u00eds parec\u00eda paralizado por las huelgas y la crisis econ\u00f3mica.<\/p>\n<p style=\"text-align: justify;\">Su llegada al poder supuso una completa transformaci\u00f3n del Reino Unido al apoyar la privatizaci\u00f3n de industrias estatales y el transporte p\u00fablico (trenes y autobuses); la reforma de los sindicatos, a los que pr\u00e1cticamente despoj\u00f3 de poder, la reducci\u00f3n de los impuestos y del gasto p\u00fablico y la flexibilidad laboral.<\/p>\n","protected":false},"excerpt":{"rendered":"<p>La exprimera ministra conservadora del Reino Unido Margareth Thatcher falleci\u00f3 a causa de un golpe que le ha producido un derrame cerebral. Ten\u00eda 87 y condujo al Reino Unido durante la guerra de Malvinas. \u00abCon gran tristeza Mark y Carol Thatcher anunciaron que su madre, la baronesa Thatcher, ha muerto en paz tras un apoplej\u00eda&hellip;<\/p>\n","protected":false},"author":1,"featured_media":0,"comment_status":"open","ping_status":"open","sticky":false,"template":"","format":"standard","meta":{"footnotes":""},"categories":[18],"tags":[14867,15773,305,9353],"class_list":["post-33818","post","type-post","status-publish","format-standard","hentry","category-internacionales","tag-guerra-de-malvinas","tag-margareth-thatcher","tag-muerte","tag-reino-unido"],"_links":{"self":[{"href":"https:\/\/www.elsindical.com.ar\/notas\/wp-json\/wp\/v2\/posts\/33818","targetHints":{"allow":["GET"]}}],"collection":[{"href":"https:\/\/www.elsindical.com.ar\/notas\/wp-json\/wp\/v2\/posts"}],"about":[{"href":"https:\/\/www.elsindical.com.ar\/notas\/wp-json\/wp\/v2\/types\/post"}],"author":[{"embeddable":true,"href":"https:\/\/www.elsindical.com.ar\/notas\/wp-json\/wp\/v2\/users\/1"}],"replies":[{"embeddable":true,"href":"https:\/\/www.elsindical.com.ar\/notas\/wp-json\/wp\/v2\/comments?post=33818"}],"version-history":[{"count":2,"href":"https:\/\/www.elsindical.com.ar\/notas\/wp-json\/wp\/v2\/posts\/33818\/revisions"}],"predecessor-version":[{"id":33821,"href":"https:\/\/www.elsindical.com.ar\/notas\/wp-json\/wp\/v2\/posts\/33818\/revisions\/33821"}],"wp:attachment":[{"href":"https:\/\/www.elsindical.com.ar\/notas\/wp-json\/wp\/v2\/media?parent=33818"}],"wp:term":[{"taxonomy":"category","embeddable":true,"href":"https:\/\/www.elsindical.com.ar\/notas\/wp-json\/wp\/v2\/categories?post=33818"},{"taxonomy":"post_tag","embeddable":true,"href":"https:\/\/www.elsindical.com.ar\/notas\/wp-json\/wp\/v2\/tags?post=33818"}],"curies":[{"name":"wp","href":"https:\/\/api.w.org\/{rel}","templated":true}]}}