{"id":33800,"date":"2013-04-07T19:58:39","date_gmt":"2013-04-07T22:58:39","guid":{"rendered":"http:\/\/www.elsindical.com.ar\/notas\/?p=33800"},"modified":"2013-04-07T19:58:39","modified_gmt":"2013-04-07T22:58:39","slug":"pilarbalean-a-policia-al-defender-a-su-hija-de-un-robo-en-del-viso","status":"publish","type":"post","link":"https:\/\/www.elsindical.com.ar\/notas\/pilarbalean-a-policia-al-defender-a-su-hija-de-un-robo-en-del-viso\/","title":{"rendered":"Pilar:Balean a polic\u00eda al defender a su hija de un robo en Del Viso"},"content":{"rendered":"<p style=\"text-align: justify;\"><em><a href=\"http:\/\/www.elsindical.com.ar\/notas\/var\/www\/html\/notas\/wp-content\/uploads\/2010\/09\/Hospital-de-Pilar.jpg\"><img loading=\"lazy\" decoding=\"async\" class=\"alignleft size-medium wp-image-9377\" alt=\"Hospital-de-Pilar\" src=\"http:\/\/www.elsindical.com.ar\/notas\/var\/www\/html\/notas\/wp-content\/uploads\/2010\/09\/Hospital-de-Pilar-300x174.jpg\" width=\"300\" height=\"174\" srcset=\"https:\/\/www.elsindical.com.ar\/notas\/var\/www\/html\/notas\/wp-content\/uploads\/2010\/09\/Hospital-de-Pilar-300x174.jpg 300w, https:\/\/www.elsindical.com.ar\/notas\/var\/www\/html\/notas\/wp-content\/uploads\/2010\/09\/Hospital-de-Pilar.jpg 443w\" sizes=\"auto, (max-width: 300px) 100vw, 300px\" \/><\/a>El suceso ocurri\u00f3 en la localidad de Del Viso, luego de que la descendiente del efectivo fuera interceptada por tras marginales que pretendieron asaltarla. El Uniformado debi\u00f3 ser internado. Los hampones fueron apresados.<\/em><\/p>\n<div id=\"texto\" style=\"text-align: justify;\">\n<p>El Capit\u00e1n <b>Lorenzo Su\u00e1rez<\/b> (52) fue baleado en el est\u00f3mago y se encuentra internado en terapia intensiva en el Hospital Sanguinetti, de Del Viso, en el norte del Gran Buenos Aires, donde evolucionaba favorablemente.<\/p>\n<p>Fuentes policiales informaron que todo comenz\u00f3 alrededor de las 21.30 del s\u00e1bado, cuando la hija del efectivo estaba junto con un amigo caminando por la calle Florida y tres delincuentes armados, que iban a bordo de un Fiat 128, los interceptaron.<\/p>\n<p>Los ladrones descendieron del veh\u00edculo y amenazaron a los j\u00f3venes, quienes corrieron a la casa de Su\u00e1rez, situada a unas cuatro cuadras.<\/p>\n<p>Seg\u00fan las fuentes, algunos vecinos de la zona observaron la situaci\u00f3n y retuvieron a uno de los delincuentes hasta que lleg\u00f3 el efectivo que desempe\u00f1a sus tareas en el destacamento de Villa Astolfi.<\/p>\n<p>En ese momento, los otros dos c\u00f3mplices aparecieron con intenciones de librar a su compa\u00f1ero y uno de ellos efectu\u00f3 un disparo que impact\u00f3 en el abdomen de Su\u00e1rez, por lo que cay\u00f3 al piso gravemente herido.<\/p>\n<p>De acuerdo a los voceros, Su\u00e1rez fue trasladado de urgencia por los vecinos al centro asistencial de Pilar, donde fue operado, aunque los m\u00e9dicos no le extrajeron el proyectil que qued\u00f3 alojado en su cuerpo.<\/p>\n<p>En tanto, efectivos de la comisar\u00eda 3ra. de Del Viso llegaron a bordo de un patrullero y, a pocos metros del lugar, detuvieron a un sospechoso de 29 a\u00f1os como presunto autor material del disparo, mientras que los c\u00f3mplices huyeron a bordo del auto.<\/p>\n<p>Sin embargo, un jefe policial encargado de la pesquisa dijo que horas despu\u00e9s personal de la seccional 4ta. de Manuel Alberti atrap\u00f3 a dos j\u00f3venes de 17 y 19 a\u00f1os.<\/p>\n<p>Adem\u00e1s, los efectivos secuestraron el Fiat 128 que ten\u00eda en su interior un rev\u00f3lver calibre .32 que habr\u00eda sido el utilizado para efectuar el disparo.<\/p>\n<p>Los tres detenidos quedaron a disposici\u00f3n del personal del Fuero Penal de Responsabilidad Juvenil del Departamento Judicial San Isidro.<\/p>\n<\/div>\n","protected":false},"excerpt":{"rendered":"<p>El suceso ocurri\u00f3 en la localidad de Del Viso, luego de que la descendiente del efectivo fuera interceptada por tras marginales que pretendieron asaltarla. El Uniformado debi\u00f3 ser internado. Los hampones fueron apresados. El Capit\u00e1n Lorenzo Su\u00e1rez (52) fue baleado en el est\u00f3mago y se encuentra internado en terapia intensiva en el Hospital Sanguinetti, de&hellip;<\/p>\n","protected":false},"author":1,"featured_media":0,"comment_status":"open","ping_status":"open","sticky":false,"template":"","format":"standard","meta":{"footnotes":""},"categories":[22],"tags":[4350,148,909,1411,30,116],"class_list":["post-33800","post","type-post","status-publish","format-standard","hentry","category-policiales","tag-del-viso","tag-herido","tag-hija","tag-pilar","tag-policia","tag-robo"],"_links":{"self":[{"href":"https:\/\/www.elsindical.com.ar\/notas\/wp-json\/wp\/v2\/posts\/33800","targetHints":{"allow":["GET"]}}],"collection":[{"href":"https:\/\/www.elsindical.com.ar\/notas\/wp-json\/wp\/v2\/posts"}],"about":[{"href":"https:\/\/www.elsindical.com.ar\/notas\/wp-json\/wp\/v2\/types\/post"}],"author":[{"embeddable":true,"href":"https:\/\/www.elsindical.com.ar\/notas\/wp-json\/wp\/v2\/users\/1"}],"replies":[{"embeddable":true,"href":"https:\/\/www.elsindical.com.ar\/notas\/wp-json\/wp\/v2\/comments?post=33800"}],"version-history":[{"count":2,"href":"https:\/\/www.elsindical.com.ar\/notas\/wp-json\/wp\/v2\/posts\/33800\/revisions"}],"predecessor-version":[{"id":33802,"href":"https:\/\/www.elsindical.com.ar\/notas\/wp-json\/wp\/v2\/posts\/33800\/revisions\/33802"}],"wp:attachment":[{"href":"https:\/\/www.elsindical.com.ar\/notas\/wp-json\/wp\/v2\/media?parent=33800"}],"wp:term":[{"taxonomy":"category","embeddable":true,"href":"https:\/\/www.elsindical.com.ar\/notas\/wp-json\/wp\/v2\/categories?post=33800"},{"taxonomy":"post_tag","embeddable":true,"href":"https:\/\/www.elsindical.com.ar\/notas\/wp-json\/wp\/v2\/tags?post=33800"}],"curies":[{"name":"wp","href":"https:\/\/api.w.org\/{rel}","templated":true}]}}