{"id":33797,"date":"2013-04-07T10:47:37","date_gmt":"2013-04-07T13:47:37","guid":{"rendered":"http:\/\/www.elsindical.com.ar\/notas\/?p=33797"},"modified":"2013-04-07T10:47:37","modified_gmt":"2013-04-07T13:47:37","slug":"entrevistamos-a-la-asociacion-proyectos-solidarios","status":"publish","type":"post","link":"https:\/\/www.elsindical.com.ar\/notas\/entrevistamos-a-la-asociacion-proyectos-solidarios\/","title":{"rendered":"Entrevistamos a la Asociaci\u00f3n Proyectos Solidarios"},"content":{"rendered":"<p><img loading=\"lazy\" decoding=\"async\" class=\"alignnone\" alt=\"\" src=\"http:\/\/sphotos-e.ak.fbcdn.net\/hphotos-ak-ash3\/548456_10200406382978413_453928337_n.jpg\" width=\"960\" height=\"643\" \/>Entrevistamos a tres miembros de Proyectos Solidarios, Vanesa, Silvia y Estela, quienes nos contaron sobre su trabajo solidario.<\/p>\n<p>Proyectos Solidarios es una organizaci\u00f3n sin fines de lucro especializada en el desarrollo integral de Campa\u00f1as Solidarias enlazando urgencias y participando de actividades humanitarias para instituciones fundaciones de bien p\u00fablico Hospitales en riesgo y necesidades particulares.<\/p>\n<p>Trabajamos particularmente en fomentar la conciencia solidaria social y ecologica de chicos y grandes\u00a0 SI NO PODEMOS HACER NADA POR CAMBIAR EL PASADO HAGAMOS ALGO POR CAMBIAR EL FUTURO<\/p>\n<p>Tel\u00e9fono de contacto directo 1164368533<\/p>\n<p><object width=\"353\" height=\"132\" classid=\"clsid:d27cdb6e-ae6d-11cf-96b8-444553540000\" codebase=\"http:\/\/download.macromedia.com\/pub\/shockwave\/cabs\/flash\/swflash.cab#version=6,0,40,0\"><param name=\"src\" value=\"http:\/\/www.goear.com\/files\/external.swf?file=9437db6\" \/><param name=\"wmode\" value=\"transparent\" \/><param name=\"quality\" value=\"high\" \/><embed width=\"353\" height=\"132\" type=\"application\/x-shockwave-flash\" src=\"http:\/\/www.goear.com\/files\/external.swf?file=9437db6\" wmode=\"transparent\" quality=\"high\" \/><\/object><iframe loading=\"lazy\" src=\"http:\/\/www.youtube.com\/embed\/wB4weMby3WU\" height=\"315\" width=\"560\" allowfullscreen=\"\" frameborder=\"0\"><\/iframe><\/p>\n<p><a href=\"http:\/\/www.facebook.com\/media\/set\/?set=a.10200406378498301.1073741835.1121001251&amp;type=1&amp;l=0de36aebb5\"><strong>Galer\u00eda Facebook<\/strong><\/a><\/p>\n<p>&nbsp;<\/p>\n<p>&nbsp;<\/p>\n<p><em><strong>Por Marcelo Ricardo Hawrylciw<\/strong><\/em><\/p>\n<p><em><strong>Editor General diario y radio El Sindical<\/strong><\/em><\/p>\n<p><em><strong>Sandra Rodr\u00edguez Orfila<\/strong><\/em><\/p>\n<p><em><strong>Coordinadora de S\u00ed se puede<\/strong><\/em><\/p>\n<p><em><strong><a href=\"http:\/\/www.sisepuedeavellaneda.blogspot.com\">www.sisepuedeavellaneda.blogspot.com<\/a>\u00a0<\/strong><\/em><\/p>\n","protected":false},"excerpt":{"rendered":"<p>Entrevistamos a tres miembros de Proyectos Solidarios, Vanesa, Silvia y Estela, quienes nos contaron sobre su trabajo solidario. Proyectos Solidarios es una organizaci\u00f3n sin fines de lucro especializada en el desarrollo integral de Campa\u00f1as Solidarias enlazando urgencias y participando de actividades humanitarias para instituciones fundaciones de bien p\u00fablico Hospitales en riesgo y necesidades particulares. Trabajamos&hellip;<\/p>\n","protected":false},"author":1,"featured_media":0,"comment_status":"open","ping_status":"open","sticky":false,"template":"","format":"standard","meta":{"footnotes":""},"categories":[26],"tags":[1882,15761,15759,15710,15760,5153],"class_list":["post-33797","post","type-post","status-publish","format-standard","hentry","category-solidaridad","tag-entrevista","tag-estela","tag-proyectos-solidarios","tag-sandra-rodriguez-orfila","tag-silvia","tag-vanesa"],"_links":{"self":[{"href":"https:\/\/www.elsindical.com.ar\/notas\/wp-json\/wp\/v2\/posts\/33797","targetHints":{"allow":["GET"]}}],"collection":[{"href":"https:\/\/www.elsindical.com.ar\/notas\/wp-json\/wp\/v2\/posts"}],"about":[{"href":"https:\/\/www.elsindical.com.ar\/notas\/wp-json\/wp\/v2\/types\/post"}],"author":[{"embeddable":true,"href":"https:\/\/www.elsindical.com.ar\/notas\/wp-json\/wp\/v2\/users\/1"}],"replies":[{"embeddable":true,"href":"https:\/\/www.elsindical.com.ar\/notas\/wp-json\/wp\/v2\/comments?post=33797"}],"version-history":[{"count":2,"href":"https:\/\/www.elsindical.com.ar\/notas\/wp-json\/wp\/v2\/posts\/33797\/revisions"}],"predecessor-version":[{"id":33799,"href":"https:\/\/www.elsindical.com.ar\/notas\/wp-json\/wp\/v2\/posts\/33797\/revisions\/33799"}],"wp:attachment":[{"href":"https:\/\/www.elsindical.com.ar\/notas\/wp-json\/wp\/v2\/media?parent=33797"}],"wp:term":[{"taxonomy":"category","embeddable":true,"href":"https:\/\/www.elsindical.com.ar\/notas\/wp-json\/wp\/v2\/categories?post=33797"},{"taxonomy":"post_tag","embeddable":true,"href":"https:\/\/www.elsindical.com.ar\/notas\/wp-json\/wp\/v2\/tags?post=33797"}],"curies":[{"name":"wp","href":"https:\/\/api.w.org\/{rel}","templated":true}]}}