{"id":33676,"date":"2013-04-01T18:27:22","date_gmt":"2013-04-01T21:27:22","guid":{"rendered":"http:\/\/www.elsindical.com.ar\/notas\/?p=33676"},"modified":"2013-04-01T18:27:22","modified_gmt":"2013-04-01T21:27:22","slug":"malvinas-mucho-mas-que-islas","status":"publish","type":"post","link":"https:\/\/www.elsindical.com.ar\/notas\/malvinas-mucho-mas-que-islas\/","title":{"rendered":"Malvinas, mucho m\u00e1s que islas &#8230;"},"content":{"rendered":"<p style=\"text-align: justify;\"><em><a href=\"http:\/\/www.elsindical.com.ar\/notas\/var\/www\/html\/notas\/wp-content\/uploads\/2010\/06\/Islas-Malvinas.jpg\"><img loading=\"lazy\" decoding=\"async\" class=\"alignleft size-full wp-image-7350\" alt=\"Islas-Malvinas\" src=\"http:\/\/www.elsindical.com.ar\/notas\/var\/www\/html\/notas\/wp-content\/uploads\/2010\/06\/Islas-Malvinas.jpg\" width=\"255\" height=\"153\" \/><\/a>Otro 2 de Abril, nos sacude la memoria, nos agita las emociones, nos hace reflexionar pero no nos enga\u00f1emos, Malvinas, se siente todo el tiempo Como el s\u00ecndrome de los pacientes a los que les amputan una extremidad, y siguen refirien- do dolor, siguen sintiendo esa parte suya, igual que con estas islas nuestras&#8230;pero ellas no est\u00e1n perdidas ni amputadas&#8230;<\/em><\/p>\n<p style=\"text-align: justify;\">Eso son las Islas Malvinas, parte inescindible de nosotros, los Argentinos, como la celeste y blanca, como el grito de gol, como la educaci\u00f2n p\u00f9blica y gratuita,como nuestras flores sin tumbas pero con pa\u00f1uelos blancos, son nuestra esencia, son nuestras, anheladas dolientes, presentes y con un final que aun no termin\u00f2 de escribirse.<\/p>\n<p style=\"text-align: justify;\">Como en una historia familiar, este amor se transmite de generaci\u00f3n en generaci\u00f2n, y vamos todos siendo parte del tejido de los cap\u00ectulos que se siguen escribiendo Algunas veces con sangre, fr\u00eco y unos jovenes que quedaron all\u00e0 para siempre, y otros que volvieron a darnos un ejemplo que conmueve, que sacude, que nos dice\u00bbvale la pena aquella tierra lejana y nuestra\u00bb!<\/p>\n<p style=\"text-align: justify;\">Malvinas, es tambien el s\u00ecmbolo de un poder colonizador, invasionista, explotador, que no respeta ni l\u00ecmites geogr\u00e0ficos , ni l\u00ecmites hist\u00f2ricos, ni derechos adquiridos, ni l\u00f2gica, ni justicia, ni nada que contradiga sus intereses esp\u00f9rios, como suelen ser sus argumentos, flacos de raz\u00f2n, de verdad, de sustento, solo sostenidos en la fuerza, una imposicion, equiparable al \u00abderecho de pernada\u00bb&#8230; Malvinas no es la \u00f9nica ilegal colonia apropiada por los ingleses, el Pe\u00f1on de Gibraltar de Espa\u00f1a, y la lista sigue, y era aun mayor en el siglo\u00a0 pasado.<\/p>\n<p style=\"text-align: justify;\">Malvinas ha pasado a ser en la \u00f9ltima d\u00e8cada, una pol\u00ectica de Estado, una cuesti\u00f2n que excede lo Nacional, porque la comunidad internacional se ha involucrado, se ha expresado, incluso han dado su apoyo f\u00e8rreo y absoluto los pa\u00ecses hermanos integrantes de la Unasur y latinoamerica Han habido por parte de Naciones Unidas resoluciones a favor de la soluci\u00f2n del conflicto y el derecho que le asiste a la Rep\u00f9blica Argentina.<\/p>\n<p style=\"text-align: justify;\">Malvinas, la verdad pugna en aquellos mares del fin del mundo, por salir a flote, por ver la luz, por ser de una vez y para siempre o\u00ecda y respetada, por ganarle al mal, por demostrar que no hay poder m\u00e0s fuerte ni m\u00e0s constante que el poder soberano de los due\u00f1os de la tierra, ARGENTINA.-<\/p>\n<p style=\"text-align: justify;\">Malvinas, nuestras por la extension territorial de la plataforma submarina, por la primera ocupaci\u00f2n del conquistador espa\u00f1ol, por asentamiento de gauchos criollos, por historia, por reclamos, m\u00e0s all\u00e0 del resultado de una guerra Malvinas, la guerra del 1982 la ganamos, y digo ganamos porque fue por esa acci\u00f2n b\u00e8lica trasnochada, desigual, y hasta ingenua , que se lograron exponer verdades.<\/p>\n<p style=\"text-align: justify;\">Fue por la guerra de Malvinas, que qued\u00f2 a la vista del mundo, la falta de escr\u00f9pulos y la falta de honor de los ingleses y sus aliados , cuando violaron las aguas neutrales y hundieron al Buque de Guerra Gral Belgrano Mientras escribo no dejo de sentir el fr\u00eco el miedo, y la muerte que esos marineros de apenas 18 a\u00f1os sientieron al quedar algunos en balsas y otros acunados por siempre bajo el mar, pero entonando el Himno Nacional,mientras la muerte los mojaba, que ORGULLO por aquellos chicos y por nuestra convicci\u00f2n de Patria.<\/p>\n<p style=\"text-align: justify;\">Tambien qued\u00f2 a las claras quien era quien, quien apoyaba al imperio ingles, EEUU, y Chile, con apoyo concreto .-Y los demas, que se dijeron \u00abneutrales\u00bb cuando dicha neutralidad fue tomar partido.<\/p>\n<p style=\"text-align: justify;\">Fue una guerra que\u00a0 demostr\u00f2 la pasta de la que estamos hechos los argentinos, llenos de coraje, valent\u00eca e ingenio, pues la Fuerza A\u00e8rea di\u00f2 muestras acabadas de heroismo, habilidad, y cojones, perm\u00ectaseme decirlo as\u00ec No hay otra palabra que represente el valor de volar un Hercules a 5 metros del mar, no hay otra palabra para los vuelos razantes que se realizaban con los Mirage para no ser detectados por los radares enemigos y para tener la mayor precision en ataque&#8230;Tan comparable esas heroicas batallas, como la resistencia en las trincheras, sin comida, sin pertrechos, sin equipo adecuado, en medio del agua , la nieve, el hambre y calzados con las zapatillas flecha de nuestros soldaditos gigantes!<\/p>\n<p style=\"text-align: justify;\">La guerra, fue un disparador, que gener\u00f2 en la sociedad, recuperar la VISION, recuperar la VOZ,\u00a0 volver a sentir la FUERZA DE LA UNION, volver a sentir\u00a0 los derechos ciudadanos, volver a sentir la DIGNIDAD y el ORGULLO de ser Argentinos y especialmente DARNOS CUENTA que estabamos gobernados por ineptos, por militares improvisados y que nos hab\u00ecan quitado casi todo&#8230;menos nuestra esencia Pero esa es otra historia<\/p>\n<p style=\"text-align: justify;\">Las Islas, como tu nombre, como el cruce de los Andes, como la esquina del barrio, como el guardapolvo blanco, como la l\u00e0grima y la sonrisa al escuchar la marcha de las Malvinas Argentinas entonada por el negro Fontova , son parte de tu y nuestra esencia, son argentinas, son la historia en tiempo real<\/p>\n<p style=\"text-align: justify;\">DRA VALERIA LAURA CARRERAS<\/p>\n","protected":false},"excerpt":{"rendered":"<p>Otro 2 de Abril, nos sacude la memoria, nos agita las emociones, nos hace reflexionar pero no nos enga\u00f1emos, Malvinas, se siente todo el tiempo Como el s\u00ecndrome de los pacientes a los que les amputan una extremidad, y siguen refirien- do dolor, siguen sintiendo esa parte suya, igual que con estas islas nuestras&#8230;pero ellas&hellip;<\/p>\n","protected":false},"author":1,"featured_media":0,"comment_status":"open","ping_status":"open","sticky":false,"template":"","format":"standard","meta":{"footnotes":""},"categories":[21],"tags":[3692,11939],"class_list":["post-33676","post","type-post","status-publish","format-standard","hentry","category-opinion","tag-islas-malvinas","tag-valeria-carreras"],"_links":{"self":[{"href":"https:\/\/www.elsindical.com.ar\/notas\/wp-json\/wp\/v2\/posts\/33676","targetHints":{"allow":["GET"]}}],"collection":[{"href":"https:\/\/www.elsindical.com.ar\/notas\/wp-json\/wp\/v2\/posts"}],"about":[{"href":"https:\/\/www.elsindical.com.ar\/notas\/wp-json\/wp\/v2\/types\/post"}],"author":[{"embeddable":true,"href":"https:\/\/www.elsindical.com.ar\/notas\/wp-json\/wp\/v2\/users\/1"}],"replies":[{"embeddable":true,"href":"https:\/\/www.elsindical.com.ar\/notas\/wp-json\/wp\/v2\/comments?post=33676"}],"version-history":[{"count":2,"href":"https:\/\/www.elsindical.com.ar\/notas\/wp-json\/wp\/v2\/posts\/33676\/revisions"}],"predecessor-version":[{"id":33726,"href":"https:\/\/www.elsindical.com.ar\/notas\/wp-json\/wp\/v2\/posts\/33676\/revisions\/33726"}],"wp:attachment":[{"href":"https:\/\/www.elsindical.com.ar\/notas\/wp-json\/wp\/v2\/media?parent=33676"}],"wp:term":[{"taxonomy":"category","embeddable":true,"href":"https:\/\/www.elsindical.com.ar\/notas\/wp-json\/wp\/v2\/categories?post=33676"},{"taxonomy":"post_tag","embeddable":true,"href":"https:\/\/www.elsindical.com.ar\/notas\/wp-json\/wp\/v2\/tags?post=33676"}],"curies":[{"name":"wp","href":"https:\/\/api.w.org\/{rel}","templated":true}]}}