{"id":33672,"date":"2013-04-01T15:40:35","date_gmt":"2013-04-01T18:40:35","guid":{"rendered":"http:\/\/www.elsindical.com.ar\/notas\/?p=33672"},"modified":"2013-04-01T15:43:39","modified_gmt":"2013-04-01T18:43:39","slug":"ingeniero-budgebudgedos-adolescentes-fueron-asesinados-en-un-tiroteo-entre-jovenes","status":"publish","type":"post","link":"https:\/\/www.elsindical.com.ar\/notas\/ingeniero-budgebudgedos-adolescentes-fueron-asesinados-en-un-tiroteo-entre-jovenes\/","title":{"rendered":"Ingeniero Budge:Dos adolescentes fueron asesinados en un tiroteo entre bandas en la puerta de un boliche"},"content":{"rendered":"<p style=\"text-align: justify;\"><em><a href=\"http:\/\/www.elsindical.com.ar\/notas\/var\/www\/html\/notas\/wp-content\/uploads\/2013\/04\/Petrus-custodiado.jpg\"><img loading=\"lazy\" decoding=\"async\" class=\"alignleft size-medium wp-image-33673\" alt=\"Petrus custodiado\" src=\"http:\/\/www.elsindical.com.ar\/notas\/var\/www\/html\/notas\/wp-content\/uploads\/2013\/04\/Petrus-custodiado-300x187.jpg\" width=\"300\" height=\"187\" srcset=\"https:\/\/www.elsindical.com.ar\/notas\/var\/www\/html\/notas\/wp-content\/uploads\/2013\/04\/Petrus-custodiado-300x187.jpg 300w, https:\/\/www.elsindical.com.ar\/notas\/var\/www\/html\/notas\/wp-content\/uploads\/2013\/04\/Petrus-custodiado.jpg 399w\" sizes=\"auto, (max-width: 300px) 100vw, 300px\" \/><\/a>Seg\u00fan informaron fuentes policiales una chica y un joven de 17 a\u00f1os fallecieron esta madrugada al estar involucrados en una balacera entre dos grupos por problemas de vieja data en Ingeniero Budge. Seg\u00fan se conoci\u00f3 el hecho ocurri\u00f3 a la salida de un local bailable en la intersecci\u00f3n de las calles S\u00e1enz y El Olimpo. Adem\u00e1s, otros j\u00f3venes resultaron heridos.<\/em><\/p>\n<p style=\"text-align: justify;\">Una joven de 17 a\u00f1os y un adolescente de la misma edad fueron asesinados a balazos durante una pelea entre dos grupos de j\u00f3venes en la localidad de Ingeniero Budge, Lomas de Zamora. La balacera se produjo durante la madrugada a la salida de la bailanta \u00abPetrus\u00bb\u00a0y por el hecho hay m\u00e1s adolescentes heridos.<\/p>\n<p>Seg\u00fan informaron fuentes policiales, dos adolescentes de 17 a\u00f1os\u00a0 fueron asesinados a balazos durante una pelea entre dos grupos por problemas de vieja data,\u00a0 donde tambi\u00e9n result\u00f3 herido otro muchacho.<\/p>\n<p>Las fuentes indicaron que por el hecho, ocurrido a las 06:00 hs.\u00a0de la madrugada, se detuvo a cinco personas acusadas del ataque, quienes fueron localizadas en la esquina de S\u00e1enz y El Olimpo, lugar donde se hab\u00eda producido la gresca y donde se secuestr\u00f3 un auto y un arma de fuego.<\/p>\n<p style=\"text-align: justify;\">Desde El Sindical, hemos avertido en varias oportunidades de los v\u00ednculos de los due\u00f1os del boliche \u00abPetrus\u00bb un complejo que adem\u00e1s cuenta con radio y televisi\u00f3n, con sectores vinculados a diferentes delitos y donde a\u00fan se reclama por el asesinato de Cristian Mi\u00f1o.<\/p>\n","protected":false},"excerpt":{"rendered":"<p>Seg\u00fan informaron fuentes policiales una chica y un joven de 17 a\u00f1os fallecieron esta madrugada al estar involucrados en una balacera entre dos grupos por problemas de vieja data en Ingeniero Budge. Seg\u00fan se conoci\u00f3 el hecho ocurri\u00f3 a la salida de un local bailable en la intersecci\u00f3n de las calles S\u00e1enz y El Olimpo.&hellip;<\/p>\n","protected":false},"author":1,"featured_media":0,"comment_status":"open","ping_status":"open","sticky":false,"template":"","format":"standard","meta":{"footnotes":""},"categories":[22],"tags":[363,14235,746,41,744,2616,15716,30],"class_list":["post-33672","post","type-post","status-publish","format-standard","hentry","category-policiales","tag-asesinato","tag-baleados","tag-ingeniero-budge","tag-justicia","tag-lomas-de-zamora","tag-peruanos","tag-petrus","tag-policia"],"_links":{"self":[{"href":"https:\/\/www.elsindical.com.ar\/notas\/wp-json\/wp\/v2\/posts\/33672","targetHints":{"allow":["GET"]}}],"collection":[{"href":"https:\/\/www.elsindical.com.ar\/notas\/wp-json\/wp\/v2\/posts"}],"about":[{"href":"https:\/\/www.elsindical.com.ar\/notas\/wp-json\/wp\/v2\/types\/post"}],"author":[{"embeddable":true,"href":"https:\/\/www.elsindical.com.ar\/notas\/wp-json\/wp\/v2\/users\/1"}],"replies":[{"embeddable":true,"href":"https:\/\/www.elsindical.com.ar\/notas\/wp-json\/wp\/v2\/comments?post=33672"}],"version-history":[{"count":2,"href":"https:\/\/www.elsindical.com.ar\/notas\/wp-json\/wp\/v2\/posts\/33672\/revisions"}],"predecessor-version":[{"id":33675,"href":"https:\/\/www.elsindical.com.ar\/notas\/wp-json\/wp\/v2\/posts\/33672\/revisions\/33675"}],"wp:attachment":[{"href":"https:\/\/www.elsindical.com.ar\/notas\/wp-json\/wp\/v2\/media?parent=33672"}],"wp:term":[{"taxonomy":"category","embeddable":true,"href":"https:\/\/www.elsindical.com.ar\/notas\/wp-json\/wp\/v2\/categories?post=33672"},{"taxonomy":"post_tag","embeddable":true,"href":"https:\/\/www.elsindical.com.ar\/notas\/wp-json\/wp\/v2\/tags?post=33672"}],"curies":[{"name":"wp","href":"https:\/\/api.w.org\/{rel}","templated":true}]}}