{"id":3356,"date":"2010-02-08T06:40:00","date_gmt":"2010-02-08T09:40:00","guid":{"rendered":"http:\/\/www.elsindical.com.ar\/notas\/?p=3356"},"modified":"2010-02-09T15:22:40","modified_gmt":"2010-02-09T18:22:40","slug":"efemerides-del-dia-8-de-febrero","status":"publish","type":"post","link":"https:\/\/www.elsindical.com.ar\/notas\/efemerides-del-dia-8-de-febrero\/","title":{"rendered":"EFEM\u00c9RIDES: DEL D\u00cdA 8 DE FEBRERO"},"content":{"rendered":"<p style=\"text-align: justify;\"><a href=\"http:\/\/www.elsindical.com.ar\/notas\/var\/www\/html\/notas\/wp-content\/uploads\/2010\/02\/Julio-Verne1.jpg\"><img loading=\"lazy\" decoding=\"async\" class=\"alignleft size-full wp-image-3396\" title=\"Julio-Verne\" src=\"http:\/\/www.elsindical.com.ar\/notas\/var\/www\/html\/notas\/wp-content\/uploads\/2010\/02\/Julio-Verne1.jpg\" alt=\"\" width=\"142\" height=\"166\" \/><\/a>En otro ocho de febrero, pero de 1828, nace Julio Verne, escritor franc\u00e9s, creador de la novela de ciencia ficci\u00f3n y autor, entre otras obras, de \u00abCinco semanas en globo\u00bb, \u00abViaje al centro de la Tierra\u00bb y \u00abLa vuelta al mundo en ochenta d\u00edas\u00bb.<\/p>\n<p>1538- Espa\u00f1a, el Papa y Venecia firman en Roma la \u00abLiga Santa\u00bb para luchar contra los turcos.<\/p>\n<p style=\"text-align: justify;\">1814- Sim\u00f3n Bol\u00edvar ordena que sean pasados por las armas 836 prisioneros espa\u00f1oles, la mayor\u00eda de ellos neutrales.<\/p>\n<p style=\"text-align: justify;\">1827- Batalla naval de Juncal entre argentinos y brasile\u00f1os, que ganaron los primeros.<\/p>\n<p style=\"text-align: justify;\">1861- Florida, Misisipi, Alabama, Luisiana, Texas, Georgia y Carolina del Sur forman los \u00abEstados Confederados de Am\u00e9rica\u00bb.<\/p>\n<p style=\"text-align: justify;\">1868- Nace Luis G. Urbina, escritor y poeta mexicano.<\/p>\n<p style=\"text-align: justify;\">1886- Los desocupados de Londres promueven graves disturbios en las principales calles de la ciudad.<\/p>\n<p style=\"text-align: justify;\">1894- Nace King Vidor, estadounidense, director de cine.<\/p>\n<p style=\"text-align: justify;\">1898- Asesinado el presidente guatemalteco, Rafael Barrios.<\/p>\n<p style=\"text-align: justify;\">1916- Disturbios en Berl\u00edn por problemas de abastecimiento.<\/p>\n<p style=\"text-align: justify;\">1919- Un bombardero adaptado hace la traves\u00eda Par\u00eds-Londres con doce pasajeros en el primer viaje a\u00e9reo tur\u00edstico de la historia.<\/p>\n<p style=\"text-align: justify;\">1920- Un refer\u00e9ndum celebrado en Suiza rechaza el derecho al voto de la mujer.<\/p>\n<p style=\"text-align: justify;\">1921- Nace Lana Turner, actriz estadounidense de cine.<\/p>\n<p style=\"text-align: justify;\">&#8211; Muere Piotr Kropotkin, te\u00f3rico anarquista ruso.<\/p>\n<p style=\"text-align: justify;\">1925- Nace Jack Lemmon, actor de cine, estadounidense.<\/p>\n<p style=\"text-align: justify;\">1926- Nace Guillermo Moron, escritor venezolano.<\/p>\n<p style=\"text-align: justify;\">1928- Primera transmisi\u00f3n televisada entre Londres y Nueva York por el brit\u00e1nico J.L. Baird.<\/p>\n<p style=\"text-align: justify;\">1929- Fallece Eusebio A. Morales, pol\u00edtico paname\u00f1o.<\/p>\n<p style=\"text-align: justify;\">1931- Nace James Dean, actor estadounidense.<\/p>\n<p style=\"text-align: justify;\">1944- Detenidos los agregados militares alem\u00e1n y japon\u00e9s en Buenos Aires, despu\u00e9s de comprobar que eran jefes del espionaje del Eje en Argentina.<\/p>\n<p style=\"text-align: justify;\">&#8211; Nace Sebastiao Ribeiro Salgado, fot\u00f3grafo brasile\u00f1o.<\/p>\n<p style=\"text-align: justify;\">1949- Condenado a cadena perpetua el cardenal primado de Hungr\u00eda, Jos\u00e9 Mindszenty.<\/p>\n<p style=\"text-align: justify;\">1955- Dimite el primer ministro sovi\u00e9tico, Georgi Malenkov, y le sucede Nikolai Bulganin.<\/p>\n<p style=\"text-align: justify;\">&#8211; Nace Jonh Grisham, escritor norteamericano.<\/p>\n<p style=\"text-align: justify;\">1975- Bolivia restablece sus relaciones con Chile, rotas trece a\u00f1os antes.<\/p>\n<p style=\"text-align: justify;\">1980- EEUU concede un pr\u00e9stamo de 50 millones de d\u00f3lares a El Salvador, a condici\u00f3n de un cambio pol\u00edtico moderado.<\/p>\n<p style=\"text-align: justify;\">1984- El Gobierno de Per\u00fa acuerda con la banca internacional refinanciar 1.500 millones de d\u00f3lares de su deuda exterior.<\/p>\n<p style=\"text-align: justify;\">1989- Argelia y Marruecos firman un acuerdo de cooperaci\u00f3n econ\u00f3mica.<\/p>\n<p style=\"text-align: justify;\">1994- Muere Witold Lutoslawski, compositor y director de orquesta polaco.<\/p>\n<p style=\"text-align: justify;\">1998- Fallece Halldor Laxnes, Premio Nobel de Literatura island\u00e9s.<\/p>\n<p style=\"text-align: justify;\">1999- Muere Iris Murdoch, novelista irlandesa.<\/p>\n<p style=\"text-align: justify;\">2005- Cumbre palestino-israel\u00ed en Sharm el Sheij (Egipto), en la que el presidente de la Autoridad Nacional Palestina (ANP), Mahmud Ab\u00e1s (Abu Mazen), y el primer ministro de Israel, Ariel Shar\u00f3n, sellan un armisticio, tras casi cinco a\u00f1os de segunda \u00abintifada\u00bb, con 4.600 muertos.<\/p>\n<p style=\"text-align: justify;\">2007- Ham\u00e1s y Al Fatah ponen fin a un a\u00f1o de rivalidades y firman un acuerdo en La Meca para la formaci\u00f3n de un gobierno de unidad nacional.<\/p>\n","protected":false},"excerpt":{"rendered":"<p>En otro ocho de febrero, pero de 1828, nace Julio Verne, escritor franc\u00e9s, creador de la novela de ciencia ficci\u00f3n y autor, entre otras obras, de \u00abCinco semanas en globo\u00bb, \u00abViaje al centro de la Tierra\u00bb y \u00abLa vuelta al mundo en ochenta d\u00edas\u00bb. 1538- Espa\u00f1a, el Papa y Venecia firman en Roma la \u00abLiga&hellip;<\/p>\n","protected":false},"author":1,"featured_media":0,"comment_status":"open","ping_status":"open","sticky":false,"template":"","format":"standard","meta":{"footnotes":""},"categories":[14],"tags":[],"class_list":["post-3356","post","type-post","status-publish","format-standard","hentry","category-efemerides"],"_links":{"self":[{"href":"https:\/\/www.elsindical.com.ar\/notas\/wp-json\/wp\/v2\/posts\/3356","targetHints":{"allow":["GET"]}}],"collection":[{"href":"https:\/\/www.elsindical.com.ar\/notas\/wp-json\/wp\/v2\/posts"}],"about":[{"href":"https:\/\/www.elsindical.com.ar\/notas\/wp-json\/wp\/v2\/types\/post"}],"author":[{"embeddable":true,"href":"https:\/\/www.elsindical.com.ar\/notas\/wp-json\/wp\/v2\/users\/1"}],"replies":[{"embeddable":true,"href":"https:\/\/www.elsindical.com.ar\/notas\/wp-json\/wp\/v2\/comments?post=3356"}],"version-history":[{"count":2,"href":"https:\/\/www.elsindical.com.ar\/notas\/wp-json\/wp\/v2\/posts\/3356\/revisions"}],"predecessor-version":[{"id":3397,"href":"https:\/\/www.elsindical.com.ar\/notas\/wp-json\/wp\/v2\/posts\/3356\/revisions\/3397"}],"wp:attachment":[{"href":"https:\/\/www.elsindical.com.ar\/notas\/wp-json\/wp\/v2\/media?parent=3356"}],"wp:term":[{"taxonomy":"category","embeddable":true,"href":"https:\/\/www.elsindical.com.ar\/notas\/wp-json\/wp\/v2\/categories?post=3356"},{"taxonomy":"post_tag","embeddable":true,"href":"https:\/\/www.elsindical.com.ar\/notas\/wp-json\/wp\/v2\/tags?post=3356"}],"curies":[{"name":"wp","href":"https:\/\/api.w.org\/{rel}","templated":true}]}}