{"id":33535,"date":"2013-03-23T11:27:47","date_gmt":"2013-03-23T14:27:47","guid":{"rendered":"http:\/\/www.elsindical.com.ar\/notas\/?p=33535"},"modified":"2013-03-23T11:27:47","modified_gmt":"2013-03-23T14:27:47","slug":"avellanedavolvio-el-cine-de-wilde","status":"publish","type":"post","link":"https:\/\/www.elsindical.com.ar\/notas\/avellanedavolvio-el-cine-de-wilde\/","title":{"rendered":"Avellaneda:Volvi\u00f3 el Cine de Wilde"},"content":{"rendered":"<p style=\"text-align: justify;\"><em><a href=\"http:\/\/www.elsindical.com.ar\/notas\/var\/www\/html\/notas\/wp-content\/uploads\/2013\/03\/Cine-Wilde.jpg\"><img loading=\"lazy\" decoding=\"async\" class=\"alignleft size-medium wp-image-33536\" alt=\"Cine-Wilde\" src=\"http:\/\/www.elsindical.com.ar\/notas\/var\/www\/html\/notas\/wp-content\/uploads\/2013\/03\/Cine-Wilde-300x216.jpg\" width=\"300\" height=\"216\" srcset=\"https:\/\/www.elsindical.com.ar\/notas\/var\/www\/html\/notas\/wp-content\/uploads\/2013\/03\/Cine-Wilde-300x216.jpg 300w, https:\/\/www.elsindical.com.ar\/notas\/var\/www\/html\/notas\/wp-content\/uploads\/2013\/03\/Cine-Wilde-414x300.jpg 414w, https:\/\/www.elsindical.com.ar\/notas\/var\/www\/html\/notas\/wp-content\/uploads\/2013\/03\/Cine-Wilde.jpg 531w\" sizes=\"auto, (max-width: 300px) 100vw, 300px\" \/><\/a>La sala tiene una capacidad de 180 butacas y est\u00e1 equipado con maquinaria de \u00faltima generaci\u00f3n, ubicada en el predio de la ex Papelera Del Plata. Tras a\u00f1os de lucha y meses de intenso trabajo, el cine vuelve al barrio. Decenas de vecinos participaron ayer de la primera exhibici\u00f3n del Cine Wilde: \u00abInfancia Clandestina\u00bb.<\/em><\/p>\n<p style=\"text-align: justify;\">El cine volvi\u00f3 al barrio, y lo hizo tras a\u00f1os de lucha y meses de intenso trabajo. Y como s\u00edmbolo de aquello popular y bien argentino, la inauguraci\u00f3n fue con la exhibici\u00f3n de la pel\u00edcula nacional \u201cInfancia clandestina\u201d de Benjam\u00edn \u00c1vila.<\/p>\n<p>El Cine Wilde, emplazado en el predio de la ex Papelera Del Plata, abri\u00f3 sus puertas luego de 22 a\u00f1os\u2026 Y el evento cont\u00f3 con la participaci\u00f3n de todos. Nadie se quiso quedar afuera de un evento de tama\u00f1a importancia. El barrio recuper\u00f3 su cine despu\u00e9s de m\u00e1s de dos d\u00e9cadas de lucha.<\/p>\n<p>El evento comenz\u00f3 alrededor de las 19, con un acto con la presencia de vecinos, representantes pol\u00edticos, alumnos y docentes de las escuelas locales. La emoci\u00f3n y la expectativa iban in crescendo con el correr de los d\u00edas y los anuncios se hicieron \u201ca la antigua\u201d, con altoparlantes y pancartas.<\/p>\n<p>Despu\u00e9s de 22 a\u00f1os de espera, la pantalla del Cine Wilde volvi\u00f3 a proyectar una pel\u00edcula, y no cualquier pel\u00edcula, sino una bien nacional y que dio que hablar en el mundo entero. El film, dirigido por Benjam\u00edn Avila y protagonizado por Natalia Oreiro, Ernesto Alterio y Cristina Banegas, cosech\u00f3 galardones en muchos festivales internacionales de cine.<\/p>\n<p>\u201cLa propuesta es plantear una cartelera que profundice lo argentino y latinoamericano, pero tambi\u00e9n le vamos a dar lugar a aquellas pel\u00edculas que los chicos quieren ver\u201d, comenta Federico Taboada, quien preside la Asociaci\u00f3n Civil Cines de Barrios y supervis\u00f3 el avance de los trabajos.<\/p>\n<p>La iniciativa \u2013de recuperar lo perdido- surgi\u00f3 hace tres a\u00f1os cuando un grupo de vecinos, inspirado por la nostalgia del tradicional \u201cCine Wilde\u201d, decidi\u00f3 devolverle a la localidad una sala filmogr\u00e1fica. El inter\u00e9s de los vecinos del barrio por recuperar un espacio cultural para la familia se hizo evidente y se replic\u00f3 a trav\u00e9s de las redes sociales. De hecho, desde la primera reuni\u00f3n se convoc\u00f3 a m\u00e1s de 100 personas.<\/p>\n<p>\u201cCon los vecinos queremos abrir un espacio para los realizadores m\u00e1s nuevos que en Avellaneda hasta este momento no tienen su espacio para experimentar\u201d, remarc\u00f3 Taboada en di\u00e1logo con este medio.<\/p>\n<p>La financiaci\u00f3n\u00a0 de la construcci\u00f3n de este cine municipal fue el resultado de un trabajo conjunto a cargo de\u00a0 la Municipalidad de Avellaneda y la Naci\u00f3n. El equipamiento de la sala corri\u00f3 por cuenta del programa \u201cIgualdad Cultural del Ministerio de Planificaci\u00f3n Federal\u201d mientras que el material f\u00edlmico y otros aspectos comerciales de las pel\u00edculas que ser\u00e1n proyectadas, en cambio ,ser\u00e1n proporcionados por el Instituto Nacional de Cine y Artes Visuales (INCAA).<\/p>\n<p>Las obras consistieron en el \u201creacondicionamiento de 615 metros cuadrados donde se levantaron una boleter\u00eda, un bar, un auditorio, ba\u00f1os, un \u00e1rea t\u00e9cnica y tres microcines distribuidos en distintos niveles\u201d, describieron desde el municipio.<\/p>\n<p>Adem\u00e1s de la inauguraci\u00f3n de la sala de cine, se abri\u00f3 un anexo donde se van a realizar diversas actividades culturales y un teatro comunitario. El auditorio general tiene una capacidad para 178 personas, el microcine alberga 80 personas y los microcines 2 y 3 pueden recibir hasta 54 personas cada uno. Un espacio propio, un espacio barrial, un espacio de todos\u2026<\/p>\n","protected":false},"excerpt":{"rendered":"<p>La sala tiene una capacidad de 180 butacas y est\u00e1 equipado con maquinaria de \u00faltima generaci\u00f3n, ubicada en el predio de la ex Papelera Del Plata. Tras a\u00f1os de lucha y meses de intenso trabajo, el cine vuelve al barrio. Decenas de vecinos participaron ayer de la primera exhibici\u00f3n del Cine Wilde: \u00abInfancia Clandestina\u00bb. El&hellip;<\/p>\n","protected":false},"author":1,"featured_media":0,"comment_status":"open","ping_status":"open","sticky":false,"template":"","format":"standard","meta":{"footnotes":""},"categories":[25],"tags":[461,5912,986,882],"class_list":["post-33535","post","type-post","status-publish","format-standard","hentry","category-sociedad","tag-avellaneda","tag-cine","tag-vecinos","tag-wilde"],"_links":{"self":[{"href":"https:\/\/www.elsindical.com.ar\/notas\/wp-json\/wp\/v2\/posts\/33535","targetHints":{"allow":["GET"]}}],"collection":[{"href":"https:\/\/www.elsindical.com.ar\/notas\/wp-json\/wp\/v2\/posts"}],"about":[{"href":"https:\/\/www.elsindical.com.ar\/notas\/wp-json\/wp\/v2\/types\/post"}],"author":[{"embeddable":true,"href":"https:\/\/www.elsindical.com.ar\/notas\/wp-json\/wp\/v2\/users\/1"}],"replies":[{"embeddable":true,"href":"https:\/\/www.elsindical.com.ar\/notas\/wp-json\/wp\/v2\/comments?post=33535"}],"version-history":[{"count":1,"href":"https:\/\/www.elsindical.com.ar\/notas\/wp-json\/wp\/v2\/posts\/33535\/revisions"}],"predecessor-version":[{"id":33537,"href":"https:\/\/www.elsindical.com.ar\/notas\/wp-json\/wp\/v2\/posts\/33535\/revisions\/33537"}],"wp:attachment":[{"href":"https:\/\/www.elsindical.com.ar\/notas\/wp-json\/wp\/v2\/media?parent=33535"}],"wp:term":[{"taxonomy":"category","embeddable":true,"href":"https:\/\/www.elsindical.com.ar\/notas\/wp-json\/wp\/v2\/categories?post=33535"},{"taxonomy":"post_tag","embeddable":true,"href":"https:\/\/www.elsindical.com.ar\/notas\/wp-json\/wp\/v2\/tags?post=33535"}],"curies":[{"name":"wp","href":"https:\/\/api.w.org\/{rel}","templated":true}]}}